{"id":9755,"date":"2014-06-16T18:25:48","date_gmt":"2014-06-16T21:25:48","guid":{"rendered":"http:\/\/argentinamunicipal.com.ar\/argentina\/?p=9755"},"modified":"2014-06-16T18:25:48","modified_gmt":"2014-06-16T21:25:48","slug":"la-intendenta-de-bariloche-y-su-gabinete-vuelven-a-recorrer-las-delegaciones-municipales","status":"publish","type":"post","link":"http:\/\/argentinamunicipal.com.ar\/argentina\/la-intendenta-de-bariloche-y-su-gabinete-vuelven-a-recorrer-las-delegaciones-municipales\/","title":{"rendered":"La intendenta de Bariloche y su gabinete vuelven a recorrer las delegaciones municipales"},"content":{"rendered":"<div id=\"attachment_9756\" style=\"width: 762px\" class=\"wp-caption aligncenter\"><a href=\"http:\/\/argentinamunicipal.com.ar\/argentina\/wp-content\/uploads\/2014\/06\/211c18d6327304c8c9bfc7510e153190_L.jpg\"><img loading=\"lazy\" decoding=\"async\" aria-describedby=\"caption-attachment-9756\" class=\" wp-image-9756\" src=\"http:\/\/argentinamunicipal.com.ar\/argentina\/wp-content\/uploads\/2014\/06\/211c18d6327304c8c9bfc7510e153190_L.jpg\" alt=\"En una de las delegaciones (foto archivo)\" width=\"752\" height=\"564\" srcset=\"http:\/\/argentinamunicipal.com.ar\/argentina\/wp-content\/uploads\/2014\/06\/211c18d6327304c8c9bfc7510e153190_L.jpg 800w, http:\/\/argentinamunicipal.com.ar\/argentina\/wp-content\/uploads\/2014\/06\/211c18d6327304c8c9bfc7510e153190_L-300x225.jpg 300w\" sizes=\"auto, (max-width: 752px) 100vw, 752px\" \/><\/a><p id=\"caption-attachment-9756\" class=\"wp-caption-text\">En una de las delegaciones (foto archivo)<\/p><\/div>\n<p>Esta semana, la intendenta Mar\u00eda Eugenia Martini y su gabinete de funcionarios retomar\u00e1n una nueva etapa del programa \u201cEl Gobierno en tu Delegaci\u00f3n\u201d, que promueve un acercamiento del gobierno municipal a los barrios y el fortalecimiento del v\u00ednculo con instituciones y organizaciones barriales. El lunes comenzar\u00e1n con la Delegaci\u00f3n Centro.<\/p>\n<p>En este marco, Martini y funcionarios de diversas \u00e1reas recorrer\u00e1n juntas vecinales, centros de salud, comedores y sedes de diversas organizaciones de articulaci\u00f3n barrial. La Delegaci\u00f3n Centro abarca, entre otros, a los barrios Abedules, Lera, 6 Manzanas, Peumay\u00e9n, Mutisias y Vuriloche.<\/p>\n<p>Desde el a\u00f1o pasado, el gobierno municipal est\u00e1 implementando el programa \u201cEl Gobierno en tu Delegaci\u00f3n\u201d, que busca fortalecer los lazos de colaboraci\u00f3n entre el estado municipal (y sus estructuras barriales, como los CAAT, centros de desarrollo infantil, gimnasios y centros comunitarios) y las diversas organizaciones y entidades que funcionan en cada zona de la ciudad, y que proveen una invalorable mirada sobre las problem\u00e1ticas puntuales de cada barrio.<\/p>\n<p>Al elaborar este programa, Martini valor\u00f3 el rol de las delegaciones municipales como centros operativos descentralizados, destinados a prestar servicios, inspeccionar, vincularse con las organizaciones del territorio, coordinar con el resto de la instituci\u00f3n las respuestas a distintos requerimientos vecinales, y a acercar la administraci\u00f3n a los barrios, evitando que la gente deba trasladarse muchos kil\u00f3metros para realizar tr\u00e1mites, abonar sus tasas o asesorarse.<\/p>\n<p>Durante las pr\u00f3ximas semanas, se continuar\u00e1 recorriendo otras delegaciones, de acuerdo a un cronograma que se ir\u00e1 informando desde la comuna.<\/p>\n<h6>Fuente: El Cordillerano<\/h6>\n","protected":false},"excerpt":{"rendered":"<p>Esta semana, la intendenta Mar\u00eda Eugenia Martini y su gabinete de funcionarios retomar\u00e1n una nueva etapa del programa \u201cEl Gobierno en tu Delegaci\u00f3n\u201d, que promueve un acercamiento del gobierno municipal a los barrios y el fortalecimiento del v\u00ednculo con instituciones y organizaciones barriales. El lunes comenzar\u00e1n con la Delegaci\u00f3n Centro. En este marco, Martini y<\/p>\n","protected":false},"author":2,"featured_media":9756,"comment_status":"closed","ping_status":"closed","sticky":false,"template":"","format":"standard","meta":{"footnotes":""},"categories":[2],"tags":[11],"class_list":["post-9755","post","type-post","status-publish","format-standard","has-post-thumbnail","hentry","category-informe-municipal","tag-rio-negro"],"_links":{"self":[{"href":"http:\/\/argentinamunicipal.com.ar\/argentina\/wp-json\/wp\/v2\/posts\/9755","targetHints":{"allow":["GET"]}}],"collection":[{"href":"http:\/\/argentinamunicipal.com.ar\/argentina\/wp-json\/wp\/v2\/posts"}],"about":[{"href":"http:\/\/argentinamunicipal.com.ar\/argentina\/wp-json\/wp\/v2\/types\/post"}],"author":[{"embeddable":true,"href":"http:\/\/argentinamunicipal.com.ar\/argentina\/wp-json\/wp\/v2\/users\/2"}],"replies":[{"embeddable":true,"href":"http:\/\/argentinamunicipal.com.ar\/argentina\/wp-json\/wp\/v2\/comments?post=9755"}],"version-history":[{"count":0,"href":"http:\/\/argentinamunicipal.com.ar\/argentina\/wp-json\/wp\/v2\/posts\/9755\/revisions"}],"wp:featuredmedia":[{"embeddable":true,"href":"http:\/\/argentinamunicipal.com.ar\/argentina\/wp-json\/wp\/v2\/media\/9756"}],"wp:attachment":[{"href":"http:\/\/argentinamunicipal.com.ar\/argentina\/wp-json\/wp\/v2\/media?parent=9755"}],"wp:term":[{"taxonomy":"category","embeddable":true,"href":"http:\/\/argentinamunicipal.com.ar\/argentina\/wp-json\/wp\/v2\/categories?post=9755"},{"taxonomy":"post_tag","embeddable":true,"href":"http:\/\/argentinamunicipal.com.ar\/argentina\/wp-json\/wp\/v2\/tags?post=9755"}],"curies":[{"name":"wp","href":"https:\/\/api.w.org\/{rel}","templated":true}]}}