{"id":97592,"date":"2019-12-20T06:56:37","date_gmt":"2019-12-20T09:56:37","guid":{"rendered":"http:\/\/argentinamunicipal.com.ar\/argentina\/?p=97592"},"modified":"2019-12-20T06:56:37","modified_gmt":"2019-12-20T09:56:37","slug":"olla-popular-en-cresta-roja-tras-4-anos-de-promesas-incumplidas-los-trabajadores-despedidos-reclaman-su-reincorporacion","status":"publish","type":"post","link":"http:\/\/argentinamunicipal.com.ar\/argentina\/olla-popular-en-cresta-roja-tras-4-anos-de-promesas-incumplidas-los-trabajadores-despedidos-reclaman-su-reincorporacion\/","title":{"rendered":"Olla popular en Cresta Roja: Tras 4 a\u00f1os de promesas incumplidas, los trabajadores despedidos reclaman su reincorporaci\u00f3n"},"content":{"rendered":"<p>Ser\u00e1 en las puertas de la f\u00e1brica av\u00edcola ubicada en la localidad de Esteban Echeverr\u00eda y convocan a todos los trabajadores de otras empresas que se encuentren en la misma situaci\u00f3n para llevar adelante una \u201cjornada de lucha\u201d.<\/p>\n<p>Los trabajadores despedidos de la\u00a0empresa alimentaria Cresta Roja realizar\u00e1n un acto y olla popular en la sede de Esteban Echeverr\u00eda para exigir la reactivaci\u00f3n de la planta que en 2015 se declar\u00f3 en quiebra y\u00a0durante todo\u00a0la gesti\u00f3n macrista mantuvo vivo el conflicto\u00a0dejando a m\u00e1s de 2 mil trabajadores en la calle.<\/p>\n<p>Con el cambio de mando, los despedidos vuelven a manifestarse para pedir la puesta en marcha de la f\u00e1brica, con el claro objetivo de concretar la reincorporaci\u00f3n de los empleados despedidos.<\/p>\n<p>Carlos es uno de los operarios y\u00a0en AM750 detall\u00f3 los motivos del reclamo:\u00a0\u201cNos autoconvocados todos los despedidos que nos dej\u00f3 el gobierno de Macri,\u00a0casi 2 mil compa\u00f1eros en situaci\u00f3n de calle, tratando de ver c\u00f3mo podemos pasar el d\u00eda a d\u00eda\u201d.<\/p>\n<p>Asimismo, inform\u00f3 que tienen planificado hacer una olla popular al mediod\u00eda, y convocan a \u201ctodas las organizaciones y despedidos de otras empresas que est\u00e1n atravesando la misma situaci\u00f3n, a solidarizarse con nosotros y a tener un d\u00eda de lucha\u201d.<\/p>\n<p>El\u00a0jefe comunal de Esteban Echeverr\u00eda\u00a0Fernando Gray,\u00a0quien record\u00f3 que\u00a0Mauricio Macri\u00a0se acerc\u00f3 a la f\u00e1brica en 2016\u00a0y prometi\u00f3 la reactivaci\u00f3n, algo que, finalmente, nunca lleg\u00f3.<\/p>\n<p>\u201cEl 21 de abril del 2016 Macri junto a Mar\u00eda Eugenia Vidal vinieron a la empresa y prometieron la reincorporaci\u00f3n de los trabajadores\u201d, reproch\u00f3 el tambi\u00e9n presidente del PJ bonaerense a trav\u00e9s de su cuenta de Twitter.<\/p>\n<h6>Fuente: INfoCielo<\/h6>\n","protected":false},"excerpt":{"rendered":"<p>Ser\u00e1 en las puertas de la f\u00e1brica av\u00edcola ubicada en la localidad de Esteban Echeverr\u00eda y convocan a todos los trabajadores de otras empresas que se encuentren en la misma situaci\u00f3n para llevar adelante una \u201cjornada de lucha\u201d.<\/p>\n","protected":false},"author":2,"featured_media":97593,"comment_status":"closed","ping_status":"closed","sticky":false,"template":"","format":"standard","meta":{"footnotes":""},"categories":[2],"tags":[12],"class_list":["post-97592","post","type-post","status-publish","format-standard","has-post-thumbnail","hentry","category-informe-municipal","tag-buenos-aires"],"_links":{"self":[{"href":"http:\/\/argentinamunicipal.com.ar\/argentina\/wp-json\/wp\/v2\/posts\/97592","targetHints":{"allow":["GET"]}}],"collection":[{"href":"http:\/\/argentinamunicipal.com.ar\/argentina\/wp-json\/wp\/v2\/posts"}],"about":[{"href":"http:\/\/argentinamunicipal.com.ar\/argentina\/wp-json\/wp\/v2\/types\/post"}],"author":[{"embeddable":true,"href":"http:\/\/argentinamunicipal.com.ar\/argentina\/wp-json\/wp\/v2\/users\/2"}],"replies":[{"embeddable":true,"href":"http:\/\/argentinamunicipal.com.ar\/argentina\/wp-json\/wp\/v2\/comments?post=97592"}],"version-history":[{"count":0,"href":"http:\/\/argentinamunicipal.com.ar\/argentina\/wp-json\/wp\/v2\/posts\/97592\/revisions"}],"wp:featuredmedia":[{"embeddable":true,"href":"http:\/\/argentinamunicipal.com.ar\/argentina\/wp-json\/wp\/v2\/media\/97593"}],"wp:attachment":[{"href":"http:\/\/argentinamunicipal.com.ar\/argentina\/wp-json\/wp\/v2\/media?parent=97592"}],"wp:term":[{"taxonomy":"category","embeddable":true,"href":"http:\/\/argentinamunicipal.com.ar\/argentina\/wp-json\/wp\/v2\/categories?post=97592"},{"taxonomy":"post_tag","embeddable":true,"href":"http:\/\/argentinamunicipal.com.ar\/argentina\/wp-json\/wp\/v2\/tags?post=97592"}],"curies":[{"name":"wp","href":"https:\/\/api.w.org\/{rel}","templated":true}]}}