{"id":97638,"date":"2019-12-23T07:12:21","date_gmt":"2019-12-23T10:12:21","guid":{"rendered":"http:\/\/argentinamunicipal.com.ar\/argentina\/?p=97638"},"modified":"2019-12-23T07:12:21","modified_gmt":"2019-12-23T10:12:21","slug":"concordia-la-ciudad-que-busca-volver-del-olvido","status":"publish","type":"post","link":"http:\/\/argentinamunicipal.com.ar\/argentina\/concordia-la-ciudad-que-busca-volver-del-olvido\/","title":{"rendered":"Concordia, la ciudad que busca volver del olvido"},"content":{"rendered":"<p>Es el lugar donde el Gobierno nacional lanz\u00f3 el programa Argentina contra el hambre. Un recorrido por las zonas m\u00e1s afectadss por la crisis econ\u00f3mica y social.<\/p>\n<p>Una mam\u00e1 cruza descalza un r\u00edo de desechos cloacales con su nene en brazos. Lo tiene que hacer todo el tiempo para poder acceder a la calle de tierra que conecta su casilla &#8211;hecha de madera y nylon&#8211; con el resto del asentamiento Sarmiento, ubicado a las afueras de Concordia, la ciudad entrerriana que seg\u00fan los \u00faltimos datos de Indec es la m\u00e1s pobre del pa\u00eds. La realidad de Johana Maidana, madre de otros seis hijos, es la de cientos de familias de la segunda ciudad m\u00e1s grande de la provincia que viven en los diferentes asentamientos. El ministro de Desarrollo Social de la Naci\u00f3n, Daniel Arroyo, eligi\u00f3 esa ciudad para lanzar la primera tanda de tarjetas alimentarias bajo el programa\u00a0Argentina contra el hambre.<\/p>\n<p>\u201cTengo siete chicos y todos viven conmigo. La semana pasada hubo una tormenta y se me moj\u00f3 todo. Se moj\u00f3 hasta la cama de los nenes y no nos qued\u00f3 otra que quedarnos ah\u00ed porque no ten\u00edamos a d\u00f3nde m\u00e1s ir\u201d, explic\u00f3. Maidana, al igual que otras 143 familias, vive en ese asentamiento hace un par de a\u00f1os, ella en particular, tres. \u201cCuando se inunda no se puede ni cruzar y de noche tampoco porque hay unos pastizales largu\u00edsimos. No se puede salir de ac\u00e1. Si me dicen que tengo la oportunidad de irme me voy, pero no puedo\u201d, reflexion\u00f3 otra de las vecinas que est\u00e1 desempleada y es madre soltera de cuatro chicos.<\/p>\n<p>El esposo de Johana trabaja de recolector y hace una semana se sum\u00f3, junto a su padre, el hijo mayor de la pareja, que tiene 16 a\u00f1os. \u201cLe dije que no quiero que vaya pero me dice que s\u00ed porque se siente inc\u00f3modo. Tuvo que dejar la escuela para trabajar y yo me siento mal porque \u00e9l tendr\u00eda que estudiar, no salir a recolectar\u201d, dice la mujer, de unos 35 a\u00f1os. Padre e hijo se levantan a las 4.30 para tomar una hora despu\u00e9s el colectivo que los lleva hasta la plantaci\u00f3n donde cosechan el citrus &#8211;naranja, mandarina, lim\u00f3n y pomelo&#8211;, el cultivo m\u00e1s famoso de la zona junto al de ar\u00e1ndanos. \u201cPor semana ganan 2000 pesos. Pero ahora termina la cosecha y nos quedamos sin nada\u201d, explic\u00f3 Maidana. La recolecci\u00f3n de Citrus es de marzo a diciembre y la de ar\u00e1ndano es por menos tiempo, de octubre a diciembre. En general, en la cosecha de ar\u00e1ndano trabajan las mujeres porque se necesita de manos delicadas para sacar el fruto que es como una peque\u00f1a bolita. Eso hace que tambi\u00e9n sean \u00fatiles las manos de los ni\u00f1os, que, al igual que el hijo de Johana, dejan de ir a la escuela para aprovechar la temporada.<\/p>\n<p>Seg\u00fan los \u00faltimos \u00edndices del Indec, Concordia fue una de las m\u00e1s afectadas por la crisis social que se vivi\u00f3 durante estos \u00faltimos cuatro a\u00f1os. De acuerdo a las cifras que se publicaron durante el \u00faltimo semestre de 2019, el \u00edndice de pobreza marc\u00f3 el 52,9 por ciento. Sin embargo \u201ces necesario historizar los procesos que permitieron que esto suceda\u201d, coment\u00f3 un profesor de historia que naci\u00f3 y trabaja actualmente en la ciudad de Concordia. \u201c\u00c9sta supo ser una ciudad con muchas f\u00e1bricas y con una importante presencia del ferrocarril. Todo eso fue decayendo hasta que el gobierno de Menem nos termin\u00f3 de matar\u201d. \u201cEl neoliberalismo y la especulaci\u00f3n financiera nos hundieron\u201d, detall\u00f3 el docente. \u201cEl ferrocarril, donde trabajaban cerca de cuatro mil personas, hoy tiene tan solo 150 empleados y lo mismo pas\u00f3 con una f\u00e1brica de jugo enorme que se llamaba Pindapoy o con el frigor\u00edfico. Hubo cerca de 20 f\u00e1bricas que cerraron y dejaron a la gente desocupada\u201d.<\/p>\n<p>En un informe que realizaron desde la Universidad Tecnol\u00f3gica Nacional (UTN) de Concordia, los especialistas locales indicaron que \u201cel modelo neoliberal, que convirti\u00f3 la matriz productiva en especulativa dando comienzo a la etapa financiera del capitalismo, gener\u00f3 una clara desigualdad social que impact\u00f3 de manera significativa en las condiciones de vida de la poblaci\u00f3n de Concordia\u201d. Esta reprimarizaci\u00f3n de la econom\u00eda adem\u00e1s est\u00e1 acompa\u00f1ada de irregularidades y abusos por parte de los contratistas que dan empleo temporario a los recolectores.<\/p>\n<p><strong>El trabajo golondrina<\/strong><br \/>\nUno de los recolectores se llama Pedro Adolfo y tambi\u00e9n vive en el asentamiento Sarmiento. Est\u00e1 all\u00ed hace un a\u00f1o junto a sus seis hijos. La casilla, al igual que todas las de su manzana, tiene piso de tierra y s\u00f3lo tienen agua de vez en cuando, a trav\u00e9s de una canilla que est\u00e1 ubicada fuera de la precaria vivienda. \u201cHasta ahora trabajaba en la cosecha pero se termin\u00f3 la temporada y estoy sin trabajo\u201d, dijo el hombre de unos treinta a\u00f1os que tiene un porte robusto, la piel curtida por el sol y unos ojos verdes profundos llenos de angustia. En la quinta &#8211;hasta que termin\u00f3 la cosecha&#8211; Pedro trabajaba desde las ocho de la ma\u00f1ana hasta las cinco de la tarde. \u201cA veces llego a hacer 80 canastos, pero termino destruido porque te pega el sol todo el d\u00eda\u201d. Sin embargo, su jornada laboral no terminaba en ese momento, \u201cuna vez que le dejo las herramientas al capataz, me subo al colectivo y vuelvo. De ah\u00ed me voy a una carnicer\u00eda que queda a unas cuadras de la casilla a limpiar para que me den un pedazo de carne y no volver a mi casa con las manos vac\u00edas\u201d, explic\u00f3 en di\u00e1logo con este diario.<\/p>\n<p>Pedro es el \u00faltimo eslab\u00f3n de una cadena de irregularidades que terminan en este r\u00e9gimen de explotaci\u00f3n. Los productores, due\u00f1os de los campos, contratan empresas que son las que a su vez se encargan de conseguir, por temporada, a quienes van a levantar la cosecha. Las empresas tercerizadas, con el dinero que reciben de los productores, alquilan colectivos para llevar a los trabajadores al campo y les pagan &#8211;en negro&#8211; cerca de diez pesos por recolector &#8211;una canasta grande del tama\u00f1o de un calef\u00f3n&#8211;, a veces tambi\u00e9n les cobran el boleto de colectivo. Algunos trabajadores llegan a recolectar 80 canastos por d\u00eda bajo el sol y sin normas de seguridad e higiene ni agua potable para tomar y en condiciones sumamente precarias. De los cerca de 20 mil trabajadores que cosechan la fruta por temporada, solo 3500 est\u00e1n registrados. Los contratistas tambi\u00e9n traen personas de Bolivia y Jujuy, a quienes les pagan a\u00fan peores salarios y adem\u00e1s los hacen vivir en galpones o hasta containers todos juntos y hacinados. Luego, a la hora de pagarles el salario les descuentan la plata del \u201calquiler\u201d y lo que les queda a quienes recolectan, y hacen el trabajo duro, es una suma casi simb\u00f3lica que les alcanza solo para sobrevivir y seguir siendo explotados.<\/p>\n<p>En el a\u00f1o y previendo que la cosecha terminar\u00eda y se quedar\u00eda sin nada, Pedro, con much\u00edsimo esfuerzo, logr\u00f3 juntar 7500 pesos para comprar un caballo y con \u00e9l salir a recolectar chatarra para vender. Pero la suerte no parece existir para Pedro ni para ninguno de sus vecinos. A los dos meses, el caballo se enferm\u00f3 y tuvo que gastar tres mil pesos m\u00e1s en medicamentos. Finalmente, a las dos semanas el caballo se muri\u00f3 en la puerta de su casa y con \u00e9l las esperanzas de Pedro, su compa\u00f1era y los seis nenes. \u201cAyer mi se\u00f1ora recibi\u00f3 la tarjeta alimentaria y fue a hacer una compra de comida. Ya se gast\u00f3 la mitad\u201d, dijo en voz alta el pap\u00e1 de las criaturas. \u201cLa tarjeta nos sirve un mont\u00f3n. Pero bueno, ojal\u00e1 alguien nos ayude y les d\u00e9 una ropita, porque estamos fritos\u201d, dijo mirando el piso.<\/p>\n<p><strong>La organizaci\u00f3n popular<\/strong><br \/>\nDe los 119 barrios que hay en Concordia, m\u00e1s de 50 son asentamientos. En uno de ellos, F\u00e1tima 1, Yanina Tenis y su mam\u00e1 levantaron hace cuatro a\u00f1os un comedor de madera y chapa que se llama \u201cNuestra Se\u00f1ora de los Milagros\u201d. \u201cSe hace dif\u00edcil seguir haciendo esto porque no hay donaciones y la mayor\u00eda de las cosas las vamos poniendo de nuestro bolsillo y de lo que cobramos de la AUH, sin embargo la vamos piloteando. Arrancamos hace cuatro a\u00f1os porque vimos que aument\u00f3 mucho la necesidad. Empezamos de nada y ahora vienen cerca de 80 chicos por d\u00eda a buscar la comida\u201d, cont\u00f3.<\/p>\n<p>Otra experiencia de organizaci\u00f3n en los asentamientos es la de Federico Muniz y sus compa\u00f1eros. Ellos cobran planes sociales y como contraprestaci\u00f3n se encargaron de limpiar un enorme basural que hab\u00eda en el asentamiento y en su lugar construyeron entre todos una huerta comunitaria y una canchita de f\u00fatbol donde funciona la escuelita \u201cNi un pibe menos por la droga\u201d. Dos veces por semana reparten la copa de leche. \u201cEn la parte de atr\u00e1s del asentamiento hab\u00eda un basural, nosotros desde la corriente (CCC) tenemos planes sociales a cambio de los cuales trabajamos. As\u00ed fue que limpiamos todo y armamos la huerta comunitaria. Ahora lo que necesitamos con urgencia es tener cloacas\u201d, expres\u00f3. Ellos presentaron un proyecto en el que los ayud\u00f3 un polit\u00f3logo y militante barrial, Horacio Barboza, y est\u00e1n cerca de poder construir un centro de salud en el asentamiento que adem\u00e1s, a varias personas que viven ah\u00ed tener trabajo.<\/p>\n<p>El intendente de Concordia Enrique Creto convers\u00f3, en su oficina ubicada en el centro de la ciudad, con\u00a0P\u00e1gina\/12\u00a0y remarc\u00f3 que en los \u00faltimos cuatro a\u00f1os la situaci\u00f3n de la ciudad empeor\u00f3 estrepitosamente. \u201cAc\u00e1 no hab\u00eda merenderos y ahora hay 110. Decenas de comercios cerraron, el municipio &#8211;que nunca hab\u00eda tenido que comprar medicamentos&#8211; despu\u00e9s de que sacaron el Plan Remediar tuvo que empezar a gastar millones de pesos en eso\u201d. Creto, adem\u00e1s, subray\u00f3 que en 2018 cit\u00f3 a representantes de los 50 barrios m\u00e1s humildes de la ciudad que no tienen asfalto ni servicios b\u00e1sicos, y les propuso llevar a cabo un programa de desarrollo barrial que se financiar\u00eda con el dinero del fondo de la soja, que eran aproximadamente siete millones de pesos mensuales. \u201cEse dinero vamos a destinarlo completo para mejorar la situaci\u00f3n\u201d, les hab\u00eda dicho. Sin embargo, el intendente detall\u00f3 que \u201cterminamos de hacer las carpetas y presentar todo y una semana antes de arrancar el gobierno elimin\u00f3 por decreto el fondo de la soja\u201d.<\/p>\n<p>Creto, a pesar de indicar que estos cuatro a\u00f1os fueron complejos, se muestra optimista con respecto al cambio de gobierno nacional y provincial. \u201cEstimo que aproximadamente en tres a\u00f1os vamos a lograr que en los asentamientos haya centros de salud, de desarrollo infantil y progreso porque ahora tenemos un gobierno que se preocupa por los de abajo\u201d. \u201cLa tarjeta que lanz\u00f3 aqu\u00ed el Ministro de Desarrollo Social es un signo de eso. La ley de seguridad que se vot\u00f3 la semana pasada, por ejemplo &#8211;agreg\u00f3&#8211; significa que los sectores que m\u00e1s tienen tendr\u00e1n que colaborar para ayudar por abajo a los que m\u00e1s sufren\u201d. Finalmente remarc\u00f3 que uno de los tantos problemas que arrastra Concordia es que \u201cvenimos de un gobierno nacional que en cuatro a\u00f1os le sac\u00f3 a los m\u00e1s humildes para darle a los de arriba y que se lleven la plata para afuera\u201d.<\/p>\n<h6>Fuente: P\u00e1gina 12<\/h6>\n","protected":false},"excerpt":{"rendered":"<p>Es el lugar donde el Gobierno nacional lanz\u00f3 el programa Argentina contra el hambre. Un recorrido por las zonas m\u00e1s afectadss por la crisis econ\u00f3mica y social.<\/p>\n","protected":false},"author":2,"featured_media":97639,"comment_status":"closed","ping_status":"closed","sticky":false,"template":"","format":"standard","meta":{"footnotes":""},"categories":[2],"tags":[17],"class_list":["post-97638","post","type-post","status-publish","format-standard","has-post-thumbnail","hentry","category-informe-municipal","tag-entre-rios"],"_links":{"self":[{"href":"http:\/\/argentinamunicipal.com.ar\/argentina\/wp-json\/wp\/v2\/posts\/97638","targetHints":{"allow":["GET"]}}],"collection":[{"href":"http:\/\/argentinamunicipal.com.ar\/argentina\/wp-json\/wp\/v2\/posts"}],"about":[{"href":"http:\/\/argentinamunicipal.com.ar\/argentina\/wp-json\/wp\/v2\/types\/post"}],"author":[{"embeddable":true,"href":"http:\/\/argentinamunicipal.com.ar\/argentina\/wp-json\/wp\/v2\/users\/2"}],"replies":[{"embeddable":true,"href":"http:\/\/argentinamunicipal.com.ar\/argentina\/wp-json\/wp\/v2\/comments?post=97638"}],"version-history":[{"count":0,"href":"http:\/\/argentinamunicipal.com.ar\/argentina\/wp-json\/wp\/v2\/posts\/97638\/revisions"}],"wp:featuredmedia":[{"embeddable":true,"href":"http:\/\/argentinamunicipal.com.ar\/argentina\/wp-json\/wp\/v2\/media\/97639"}],"wp:attachment":[{"href":"http:\/\/argentinamunicipal.com.ar\/argentina\/wp-json\/wp\/v2\/media?parent=97638"}],"wp:term":[{"taxonomy":"category","embeddable":true,"href":"http:\/\/argentinamunicipal.com.ar\/argentina\/wp-json\/wp\/v2\/categories?post=97638"},{"taxonomy":"post_tag","embeddable":true,"href":"http:\/\/argentinamunicipal.com.ar\/argentina\/wp-json\/wp\/v2\/tags?post=97638"}],"curies":[{"name":"wp","href":"https:\/\/api.w.org\/{rel}","templated":true}]}}