{"id":97698,"date":"2019-12-27T07:39:46","date_gmt":"2019-12-27T10:39:46","guid":{"rendered":"http:\/\/argentinamunicipal.com.ar\/argentina\/?p=97698"},"modified":"2019-12-27T07:39:46","modified_gmt":"2019-12-27T10:39:46","slug":"gendarmeria-tendra-que-devolver-los-hoteles-de-chapadmalal","status":"publish","type":"post","link":"http:\/\/argentinamunicipal.com.ar\/argentina\/gendarmeria-tendra-que-devolver-los-hoteles-de-chapadmalal\/","title":{"rendered":"Gendarmer\u00eda tendr\u00e1 que devolver los hoteles de Chapadmalal"},"content":{"rendered":"<p>La flamante ministra de seguridad dej\u00f3 sin efecto la medida de su antecesora Patricia Bullrich que otorgaba dos de los hoteles del complejo vacacional a la fuerza de seguridad.<\/p>\n<p>Sabrina Frederic, actual Ministra de Seguridad, anul\u00f3 la orden dada por la anterior gesti\u00f3n a cargo de Patricia Bullrich que otorg\u00f3 parte del complejo Chapadmalal a Gendarmer\u00eda. El objetivo es que vuelva a funcionar como lugar de turismo social, principalmente destinado a chicos y chicas de bajos recursos de todo el pa\u00eds.<\/p>\n<p>La medidad fue publicada en el Bolet\u00edn Oficial en el que se detalla que los hoteles 7 y 8 que actualmente estaban bajo la \u00f3rbita de la fuerza de seguridad y en los que se pensaba desarrollar un Centro de Formaci\u00f3n de Gendarmes, volver\u00e1n a ser administrados por la Secretaria de Turismo.<\/p>\n<p>El conjunto edilicio destinado a colonia de vacaciones fue construido 1947 por la Fundaci\u00f3n de Eva Per\u00f3n, con el objetivo de fomentar el Turismo Social para que la familia obrera pudiera tener sus vacaciones y sus hijos conocieran el mar, costumbre que durante muchos a\u00f1os fue exclusiva de las clases m\u00e1s pudientes.<\/p>\n<p>Frederic argument\u00f3 la medida recordando la funci\u00f3n social para lo cual fue creado el complejo y se\u00f1al\u00f3 \u00abla inopurtunidad y la inconveniencia\u00bb de una decisi\u00f3n anunciada sin respetar el plazo por ley de 60 que ten\u00eda para expedirse la Comisi\u00f3n de Monumentos Hist\u00f3ricos.\u00a0La medida de la antopologa que lleg\u00f3 a la funci\u00f3n luego de la asunci\u00f3n de\u00a0Alberto Fern\u00e1ndez, se suma a la derogaci\u00f3n una serie de medidas impulsadas por Bullrich y conocida como\u00a0\u201cdoctrina Chocobar\u201d.<\/p>\n<h6>Fuente: InfoNews<\/h6>\n","protected":false},"excerpt":{"rendered":"<p>La flamante ministra de seguridad dej\u00f3 sin efecto la medida de su antecesora Patricia Bullrich que otorgaba dos de los hoteles del complejo vacacional a la fuerza de seguridad.<\/p>\n","protected":false},"author":2,"featured_media":97699,"comment_status":"closed","ping_status":"closed","sticky":false,"template":"","format":"standard","meta":{"footnotes":""},"categories":[2],"tags":[12],"class_list":["post-97698","post","type-post","status-publish","format-standard","has-post-thumbnail","hentry","category-informe-municipal","tag-buenos-aires"],"_links":{"self":[{"href":"http:\/\/argentinamunicipal.com.ar\/argentina\/wp-json\/wp\/v2\/posts\/97698","targetHints":{"allow":["GET"]}}],"collection":[{"href":"http:\/\/argentinamunicipal.com.ar\/argentina\/wp-json\/wp\/v2\/posts"}],"about":[{"href":"http:\/\/argentinamunicipal.com.ar\/argentina\/wp-json\/wp\/v2\/types\/post"}],"author":[{"embeddable":true,"href":"http:\/\/argentinamunicipal.com.ar\/argentina\/wp-json\/wp\/v2\/users\/2"}],"replies":[{"embeddable":true,"href":"http:\/\/argentinamunicipal.com.ar\/argentina\/wp-json\/wp\/v2\/comments?post=97698"}],"version-history":[{"count":0,"href":"http:\/\/argentinamunicipal.com.ar\/argentina\/wp-json\/wp\/v2\/posts\/97698\/revisions"}],"wp:featuredmedia":[{"embeddable":true,"href":"http:\/\/argentinamunicipal.com.ar\/argentina\/wp-json\/wp\/v2\/media\/97699"}],"wp:attachment":[{"href":"http:\/\/argentinamunicipal.com.ar\/argentina\/wp-json\/wp\/v2\/media?parent=97698"}],"wp:term":[{"taxonomy":"category","embeddable":true,"href":"http:\/\/argentinamunicipal.com.ar\/argentina\/wp-json\/wp\/v2\/categories?post=97698"},{"taxonomy":"post_tag","embeddable":true,"href":"http:\/\/argentinamunicipal.com.ar\/argentina\/wp-json\/wp\/v2\/tags?post=97698"}],"curies":[{"name":"wp","href":"https:\/\/api.w.org\/{rel}","templated":true}]}}