{"id":97716,"date":"2019-12-27T07:53:46","date_gmt":"2019-12-27T10:53:46","guid":{"rendered":"http:\/\/argentinamunicipal.com.ar\/argentina\/?p=97716"},"modified":"2019-12-27T07:53:46","modified_gmt":"2019-12-27T10:53:46","slug":"el-gobierno-confirmo-que-implementaran-en-enero-la-tarjeta-alimentaria-en-municipios-del-conurbano","status":"publish","type":"post","link":"http:\/\/argentinamunicipal.com.ar\/argentina\/el-gobierno-confirmo-que-implementaran-en-enero-la-tarjeta-alimentaria-en-municipios-del-conurbano\/","title":{"rendered":"El gobierno confirm\u00f3 que implementar\u00e1n en enero la Tarjeta Alimentaria en municipios del conurbano"},"content":{"rendered":"<p>El plan para combatir el hambre que ide\u00f3 la gesti\u00f3n del presidente, Alberto Fern\u00e1ndez, comenzar\u00e1 a funcionar en una zona clave con altos \u00edndices de pobreza.<\/p>\n<p>La\u00a0Tarjeta Alimentaria\u00a0comenzar\u00e1 a implementarse desde enero en los distritos del\u00a0conurbano bonaerense\u00a0tras la prueba que realiz\u00f3 el gobierno nacional en el municipio de\u00a0Concordia, Entre R\u00edos. De esta manera, intentar\u00e1n focalizar esta pol\u00edtica p\u00fablica para combatir el hambre en medio de una grave crisis econ\u00f3mica que azota con mayor dureza en la\u00a0provincia de Buenos Aires.<\/p>\n<p>Al respecto, el\u00a0ministro de Desarrollo Social, Daniel Arroyo, confirm\u00f3 en declaraciones a radio El Destape que \u201cvamos a avanzar con la distribuci\u00f3n de la tarjeta de alimentos en el conurbano bonaerense y grandes centros urbanos\u00bb.\u00a0Asimismo, el funcionario relat\u00f3 que en principio estaba planeado comenzar con la distribuci\u00f3n de las tarjetas en febrero, pero admiti\u00f3 que la grave situaci\u00f3n social los oblig\u00f3 a acelerar la entrega y adelantarla para el primer mes de mandato.<\/p>\n<p>\u00abLa implementaci\u00f3n de la tarjeta alimentaria fue m\u00e1s que exitosa\u00bb, sostuvo y celebr\u00f3 que el 30% de los 35 millones de pesos distribuidos en Concordia fueron para comprar l\u00e1cteos, carne y fruta, parte de la canasta b\u00e1sica saludable de alimentos que buscan alentar.<\/p>\n<p>Adem\u00e1s, explic\u00f3 que\u00a0\u201cla tarjeta alimentaria va a representar 60.000 millones de pesos que se inyectan en la econom\u00eda local y tanto los supermercados como la dirigencia del agro forman parte de la Mesa contra el Hambre\u00bb.<\/p>\n<p>Las tarjetas son entregadas \u00aben forma autom\u00e1tica\u00bb, sin necesidad de tr\u00e1mite previo ni intermediarios, a quienes reciben la\u00a0Asignaci\u00f3n Universal por Hijo (AUH)\u00a0y tengan hijos de hasta 6 a\u00f1os, as\u00ed como a embarazadas a partir de los tres meses que perciben la asignaci\u00f3n por embarazo y personas con pensi\u00f3n por discapacidad, a partir del cruce de datos que realiza el\u00a0Anses\u00a0y las bases de datos de las AUH.<\/p>\n<p>En total, ser\u00e1n cerca de cuatro millones de personas las beneficiadas con las tarjetas, que se cargar\u00e1n el tercer viernes de cada mes con 4.000 o 6.000 pesos, dependiendo de si el titular tiene uno o m\u00e1s hijos, respectivamente.<\/p>\n<h6>Fuente: InfoCielo<\/h6>\n","protected":false},"excerpt":{"rendered":"<p>El plan para combatir el hambre que ide\u00f3 la gesti\u00f3n del presidente, Alberto Fern\u00e1ndez, comenzar\u00e1 a funcionar en una zona clave con altos \u00edndices de pobreza.<\/p>\n","protected":false},"author":2,"featured_media":97717,"comment_status":"closed","ping_status":"closed","sticky":false,"template":"","format":"standard","meta":{"footnotes":""},"categories":[2],"tags":[12],"class_list":["post-97716","post","type-post","status-publish","format-standard","has-post-thumbnail","hentry","category-informe-municipal","tag-buenos-aires"],"_links":{"self":[{"href":"http:\/\/argentinamunicipal.com.ar\/argentina\/wp-json\/wp\/v2\/posts\/97716","targetHints":{"allow":["GET"]}}],"collection":[{"href":"http:\/\/argentinamunicipal.com.ar\/argentina\/wp-json\/wp\/v2\/posts"}],"about":[{"href":"http:\/\/argentinamunicipal.com.ar\/argentina\/wp-json\/wp\/v2\/types\/post"}],"author":[{"embeddable":true,"href":"http:\/\/argentinamunicipal.com.ar\/argentina\/wp-json\/wp\/v2\/users\/2"}],"replies":[{"embeddable":true,"href":"http:\/\/argentinamunicipal.com.ar\/argentina\/wp-json\/wp\/v2\/comments?post=97716"}],"version-history":[{"count":0,"href":"http:\/\/argentinamunicipal.com.ar\/argentina\/wp-json\/wp\/v2\/posts\/97716\/revisions"}],"wp:featuredmedia":[{"embeddable":true,"href":"http:\/\/argentinamunicipal.com.ar\/argentina\/wp-json\/wp\/v2\/media\/97717"}],"wp:attachment":[{"href":"http:\/\/argentinamunicipal.com.ar\/argentina\/wp-json\/wp\/v2\/media?parent=97716"}],"wp:term":[{"taxonomy":"category","embeddable":true,"href":"http:\/\/argentinamunicipal.com.ar\/argentina\/wp-json\/wp\/v2\/categories?post=97716"},{"taxonomy":"post_tag","embeddable":true,"href":"http:\/\/argentinamunicipal.com.ar\/argentina\/wp-json\/wp\/v2\/tags?post=97716"}],"curies":[{"name":"wp","href":"https:\/\/api.w.org\/{rel}","templated":true}]}}