{"id":97731,"date":"2019-12-27T08:12:26","date_gmt":"2019-12-27T11:12:26","guid":{"rendered":"http:\/\/argentinamunicipal.com.ar\/argentina\/?p=97731"},"modified":"2019-12-27T08:12:26","modified_gmt":"2019-12-27T11:12:26","slug":"la-tarjeta-alimentaria-alcanzaria-en-santa-fe-a-mas-de-40-mil-pobres-e-indigentes","status":"publish","type":"post","link":"http:\/\/argentinamunicipal.com.ar\/argentina\/la-tarjeta-alimentaria-alcanzaria-en-santa-fe-a-mas-de-40-mil-pobres-e-indigentes\/","title":{"rendered":"La tarjeta alimentaria alcanzar\u00eda en Santa Fe a m\u00e1s de 40 mil pobres e indigentes"},"content":{"rendered":"<p>Es la estimaci\u00f3n que realiza Jos\u00e9 Luis Ambrosino, referente del Movimiento Los Sin Techo. Asegur\u00f3 que no quedar\u00eda ning\u00fan indigente sin recibirla y sostuvo que en los sectores \u00abhay una esperanza, que ojala no sea frustrada\u00bb<\/p>\n<p>El ministro de Desarrollo Social de la Naci\u00f3n, Daniel Arroyo, adelant\u00f3 que en enero comenzar\u00e1 la entrega de tarjetas alimentarias en la provincia de Santa Fe. Se trata del nuevo beneficio social mediante el cual solo se permitir\u00e1 la compra alimentos y no bebidas alcoh\u00f3licas.<\/p>\n<p>En ese marco,\u00a0Jos\u00e9 Luis Ambrosino, referente del Movimiento Los Sin Techo\u00a0en Santa Fe dijo en\u00a0UNO en la radio<\/p>\n<p>Coment\u00f3 que el nuevo beneficio lanzado por el gobierno entrante alcanzar\u00eda a m\u00e1s de 40 mil personas, entre los que se encuentran todos aquellos que est\u00e1n en situaci\u00f3n de indigencia.<\/p>\n<p>Explic\u00f3 que \u00aben\u00a0Argentina, seg\u00fan los datos del Indec al 30 de junio, hay 15.750.000\u00a0pobres, sumando los aglomerados. Si vamos a repartir ayuda para cuatro millones de personas,\u00a0vamos a satisfacer al 25 por ciento de los pobres\u00bb.<\/p>\n<p>En esa l\u00ednea, sostuvo que\u00a0\u00aben la ciudad de Santa Fe tenemos 161.500 pobres, de acuerdo a Indec. El 25 por ciento son 40.362 personas que van a ser beneficiadas. As\u00ed que todos nuestros indigentes van a recibir la ayuda de la tarjeta alimentaria\u00bb.<\/p>\n<p>\u00abLa l\u00ednea de indigencia del hambre estar\u00eda en los 14 mil pesos pesos. De los 14 mil a los 36 mil (que es la l\u00ednea de pobreza) hay una graduaci\u00f3n. Esta tarjeta alimentaria, en la ciudad de Santa Fe cubrir\u00eda a 40 mil. Quiere decir que los\u00a022.500 que son indigentes van a estar cubiertos y habr\u00e1 18 mil personas m\u00e1s (que est\u00e1n en la pobreza) que tambi\u00e9n tendr\u00e1n el beneficio\u00bb.<\/p>\n<p>Record\u00f3 que ser\u00e1n\u00a0\u00abcuatro mil pesos para las familias que tienen dos chicos y seis mil pesos para familias que tienen m\u00e1s de dos chicos\u00bb. y destac\u00f3: \u00abPara nosotros es realmente una alegr\u00eda, una esperanza inmensa. Todav\u00eda no lo vemos, pero es un camino de esperanza, nosotros la promovemos, nos congratulamos de eso. Siempre dec\u00edamos, ataquemos la indigencia\u00bb.<\/p>\n<p>Destac\u00f3 el objetivo de mejorar la alimentaci\u00f3n de este sector de la sociedad. \u00abMenos harina, menos grasa; m\u00e1s leche, m\u00e1s carne y m\u00e1s verdura. Esos son los caminos de la alimentaci\u00f3n adecuada\u00bb.<\/p>\n<p>\u00abA los pobres y a los ricos no les tiene que faltar nada, pero a los ricos no les tiene que sobrar demasiado. Hay que pensar un poco en eso, sino no lo arreglamos nunca\u00bb, defini\u00f3 el militante social.<\/p>\n<h6>Fuente: Uno<\/h6>\n","protected":false},"excerpt":{"rendered":"<p>Es la estimaci\u00f3n que realiza Jos\u00e9 Luis Ambrosino, referente del Movimiento Los Sin Techo. Asegur\u00f3 que no quedar\u00eda ning\u00fan indigente sin recibirla y sostuvo que en los sectores \u00abhay una esperanza, que ojala no sea frustrada\u00bb<\/p>\n","protected":false},"author":2,"featured_media":97732,"comment_status":"closed","ping_status":"closed","sticky":false,"template":"","format":"standard","meta":{"footnotes":""},"categories":[2],"tags":[10],"class_list":["post-97731","post","type-post","status-publish","format-standard","has-post-thumbnail","hentry","category-informe-municipal","tag-santa-fe"],"_links":{"self":[{"href":"http:\/\/argentinamunicipal.com.ar\/argentina\/wp-json\/wp\/v2\/posts\/97731","targetHints":{"allow":["GET"]}}],"collection":[{"href":"http:\/\/argentinamunicipal.com.ar\/argentina\/wp-json\/wp\/v2\/posts"}],"about":[{"href":"http:\/\/argentinamunicipal.com.ar\/argentina\/wp-json\/wp\/v2\/types\/post"}],"author":[{"embeddable":true,"href":"http:\/\/argentinamunicipal.com.ar\/argentina\/wp-json\/wp\/v2\/users\/2"}],"replies":[{"embeddable":true,"href":"http:\/\/argentinamunicipal.com.ar\/argentina\/wp-json\/wp\/v2\/comments?post=97731"}],"version-history":[{"count":0,"href":"http:\/\/argentinamunicipal.com.ar\/argentina\/wp-json\/wp\/v2\/posts\/97731\/revisions"}],"wp:featuredmedia":[{"embeddable":true,"href":"http:\/\/argentinamunicipal.com.ar\/argentina\/wp-json\/wp\/v2\/media\/97732"}],"wp:attachment":[{"href":"http:\/\/argentinamunicipal.com.ar\/argentina\/wp-json\/wp\/v2\/media?parent=97731"}],"wp:term":[{"taxonomy":"category","embeddable":true,"href":"http:\/\/argentinamunicipal.com.ar\/argentina\/wp-json\/wp\/v2\/categories?post=97731"},{"taxonomy":"post_tag","embeddable":true,"href":"http:\/\/argentinamunicipal.com.ar\/argentina\/wp-json\/wp\/v2\/tags?post=97731"}],"curies":[{"name":"wp","href":"https:\/\/api.w.org\/{rel}","templated":true}]}}