{"id":97768,"date":"2019-12-30T07:20:09","date_gmt":"2019-12-30T10:20:09","guid":{"rendered":"http:\/\/argentinamunicipal.com.ar\/argentina\/?p=97768"},"modified":"2019-12-30T07:20:09","modified_gmt":"2019-12-30T10:20:09","slug":"general-rodriguez-el-intendente-trabajara-ad-honorem","status":"publish","type":"post","link":"http:\/\/argentinamunicipal.com.ar\/argentina\/general-rodriguez-el-intendente-trabajara-ad-honorem\/","title":{"rendered":"General Rodr\u00edguez: el intendente trabajar\u00e1 ad honorem"},"content":{"rendered":"<p>Mauro Garc\u00eda y sus colaboradores renunciaron a sus honorarios en virtud de la situaci\u00f3n econ\u00f3mica que sufre la ciudad y con el objetivo de que con ese dinero todos los trabajadores y trabajadoras puedan cobrar sus correspondientes sueldos y los bonos estipulados.<\/p>\n<p>Mauro Garc\u00eda, el intendente del Frente de Todos que gobierna en el municipio de General Rodr\u00edguez, al igual que los m\u00e1s de 100 integrantes de su gabinete, resignaron sus honorarios en virtud de la situaci\u00f3n econ\u00f3mica que sufre la comuna\u00a0y con el objetivo de que con ese dinero todos los trabajadores y trabajadoras puedan cobrar sus correspondientes sueldos y los bonos estipulados.<\/p>\n<p>\u201cEsta medida solidaria de la dirigencia pol\u00edtica del municipio es en respuesta a la dif\u00edcil situaci\u00f3n econ\u00f3mica de General Rodr\u00edguez, que supera los $40 millones de d\u00e9ficit\u201d, anunciaron. A su vez, informaron desde el municipio bonaerense que la nueva administraci\u00f3n hered\u00f3 del gobierno anterior liderado por Dar\u00edo Kubar, dirigente de Cambiemos, una deuda de 27 millones de pesos con Edenor, falta de pago de cuatro meses al servicio de recolecci\u00f3n de residuo, una deuda flotante de 300 millones de pesos y un d\u00e9ficit de cuenta corriente de 80 millones.<\/p>\n<p>\u201cNo creemos que sea un gesto de altruismo\u201d, dijo el intendente y luego agreg\u00f3 que \u201centend\u00edamos que hab\u00eda que hacerlo para superar esta crisis y para garantizar que el 18 de diciembre se pague lo establecido por la ley. Pudimos pagar los sueldos, los bonos estipulados en el Convenio Colectivo de Trabajo, dimos un bono suplementario de 1.500 pesos a todos los trabajadores y trabajadoras municipales y el 2 de enero vamos a terminar de pagar la totalidad de los sueldos\u201d, afirm\u00f3 el funcionario.<\/p>\n<h6>Fuente: P\u00e1gina 12<\/h6>\n","protected":false},"excerpt":{"rendered":"<p>Mauro Garc\u00eda y sus colaboradores renunciaron a sus honorarios en virtud de la situaci\u00f3n econ\u00f3mica que sufre la ciudad<\/p>\n","protected":false},"author":2,"featured_media":97769,"comment_status":"closed","ping_status":"closed","sticky":false,"template":"","format":"standard","meta":{"footnotes":""},"categories":[2],"tags":[12],"class_list":["post-97768","post","type-post","status-publish","format-standard","has-post-thumbnail","hentry","category-informe-municipal","tag-buenos-aires"],"_links":{"self":[{"href":"http:\/\/argentinamunicipal.com.ar\/argentina\/wp-json\/wp\/v2\/posts\/97768","targetHints":{"allow":["GET"]}}],"collection":[{"href":"http:\/\/argentinamunicipal.com.ar\/argentina\/wp-json\/wp\/v2\/posts"}],"about":[{"href":"http:\/\/argentinamunicipal.com.ar\/argentina\/wp-json\/wp\/v2\/types\/post"}],"author":[{"embeddable":true,"href":"http:\/\/argentinamunicipal.com.ar\/argentina\/wp-json\/wp\/v2\/users\/2"}],"replies":[{"embeddable":true,"href":"http:\/\/argentinamunicipal.com.ar\/argentina\/wp-json\/wp\/v2\/comments?post=97768"}],"version-history":[{"count":0,"href":"http:\/\/argentinamunicipal.com.ar\/argentina\/wp-json\/wp\/v2\/posts\/97768\/revisions"}],"wp:featuredmedia":[{"embeddable":true,"href":"http:\/\/argentinamunicipal.com.ar\/argentina\/wp-json\/wp\/v2\/media\/97769"}],"wp:attachment":[{"href":"http:\/\/argentinamunicipal.com.ar\/argentina\/wp-json\/wp\/v2\/media?parent=97768"}],"wp:term":[{"taxonomy":"category","embeddable":true,"href":"http:\/\/argentinamunicipal.com.ar\/argentina\/wp-json\/wp\/v2\/categories?post=97768"},{"taxonomy":"post_tag","embeddable":true,"href":"http:\/\/argentinamunicipal.com.ar\/argentina\/wp-json\/wp\/v2\/tags?post=97768"}],"curies":[{"name":"wp","href":"https:\/\/api.w.org\/{rel}","templated":true}]}}