{"id":97777,"date":"2019-12-30T07:34:14","date_gmt":"2019-12-30T10:34:14","guid":{"rendered":"http:\/\/argentinamunicipal.com.ar\/argentina\/?p=97777"},"modified":"2019-12-30T07:34:14","modified_gmt":"2019-12-30T10:34:14","slug":"kicillof-duro-con-la-oposicion-obstaculizaron-una-ley-de-un-gobierno-que-gano-con-el-52","status":"publish","type":"post","link":"http:\/\/argentinamunicipal.com.ar\/argentina\/kicillof-duro-con-la-oposicion-obstaculizaron-una-ley-de-un-gobierno-que-gano-con-el-52\/","title":{"rendered":"Kicillof duro con la oposici\u00f3n: \u201cObstaculizaron una ley de un gobierno que gan\u00f3 con el 52%\u201d"},"content":{"rendered":"<p>El gobernador rechaz\u00f3 los argumentos de la oposici\u00f3n acerca de que el proyecto de ley impositiva se trataba de un \u201cImpuestazo\u201d. Explic\u00f3 de qu\u00e9 forma se aplicar\u00eda y carg\u00f3 contra los legisladores de Juntos por el Cambio: \u201cSe prestaron a un show medi\u00e1tico\u201d, manifest\u00f3.<\/p>\n<p>El gobernador de la provincia, Axel Kicillof, rechaz\u00f3 la actitud de la oposici\u00f3n de no presentarse para tratar la ley impositiva en la \u00faltima sesi\u00f3n del a\u00f1o. A su vez, desminti\u00f3 que se tratase de un \u201cimpuestazo\u201d y lo justific\u00f3: \u201cAumentan en escala progresiva y nunca superan a la inflaci\u00f3n\u201d, explic\u00f3 el mandatario.<\/p>\n<p>Despu\u00e9s de que el bloque de Juntos por el Cambio y otros legisladores intentaran frenar al menos dos llamados a sesi\u00f3n extraordinaria para tratar la ley, Kicillof le sali\u00f3 a contestar a la oposici\u00f3n.<\/p>\n<p>Dijo que los legisladores que responden a la exgobernadora\u00a0Mar\u00eda Eugenia Vidal\u00a0se prestaron a un \u201cshow medi\u00e1tico\u201d, enumer\u00f3 las primeras pol\u00edticas que el nuevo gobierno tom\u00f3 a favor de las poblaciones m\u00e1s afectadas por la crisis y defendi\u00f3 el proyecto de ley que finalmente no se aprobar\u00e1 en 2019.<\/p>\n<p>\u201cA los pocos d\u00edas de asumir orden\u00e9 suspender el tarifazo dispuesto por Mar\u00eda Eugenia Vidal sobre las tarifas el\u00e9ctricas. El plan implementado por ella era aplicar un 25 por ciento de aumento. Ese aumento se sumar\u00eda al dos mil por ciento de incremento de los \u00faltimos cuatro a\u00f1os\u201d, dijo el gobernador en una entrevista para P\u00e1gina12, que por estas horas cosech\u00f3 el apoyo un\u00e1nime de la CGT que lleg\u00f3 a catalogar de \u00abmaniobra extorsiva\u00bb a la actitud de la oposici\u00f3n.<\/p>\n<p>Adem\u00e1s, repas\u00f3 del conflicto de interrupci\u00f3n de provisi\u00f3n de\u00a0alimentos en c\u00e1rceles,\u00a0que ya fue resuelto, as\u00ed como tambi\u00e9n de las primeras medidas para socorrer las\u00a0Pymes\u00a0y medidas sociales para los sectores m\u00e1s carenciados.<\/p>\n<p>EL DETALLE DE LA LEY<\/p>\n<p>Kicillof explic\u00f3 que la idea de la nueva ley impositiva es que \u201ccasi nadie ver\u00eda una actualizaci\u00f3n de sus egresos en impuesto inmobiliario mayor que la inflaci\u00f3n\u201d.<\/p>\n<p>\u201cTeniendo en cuenta, encima, que con una\u00a0inflaci\u00f3n superior al 55\u00a0por ciento todo el mundo result\u00f3 castigado por el gobierno que se fue con el mayor aumento de costo de vida en los \u00faltimos 28 a\u00f1os\u201d, se justific\u00f3 el ex ministro de Econom\u00eda.<\/p>\n<p>El gobernador bonaerense mencion\u00f3 entonces que una de las \u201cparticularidades\u201d que tiene el proyecto de ley es que se aplicar\u00eda en una \u201cescala progresiva\u201d, donde pagar\u00e1 m\u00e1s el que tenga \u201cla propiedad m\u00e1s cara\u201d o la propiedad con \u201cvaluaci\u00f3n m\u00e1s alta\u201d.<\/p>\n<p>\u201cLos de valuaci\u00f3n m\u00e1s baja pagan un 15 por ciento m\u00e1s que el a\u00f1o pasado, o sea muy por debajo de la inflaci\u00f3n. Despu\u00e9s hay un sector que paga el 35 por ciento. Otro, el 55\u201d, indic\u00f3 Kicillof.<\/p>\n<p>A su vez, inform\u00f3 que el impuesto solo lo pagar\u00e1n cuatro millones y medio de personas sobre una poblaci\u00f3n de 16 millones. \u201cDel 94 de esa poblaci\u00f3n, es decir de casi todos, el que tenga la propiedad de valuaci\u00f3n m\u00e1s cara pagar\u00eda\u00a07500 pesos m\u00e1s en el 2020\u00a0que en 2019\u201d, cont\u00f3.<\/p>\n<p>En tanto, el aumento para los que menos tienen ser\u00e1 de\u00a0\u201centre cero y 500 pesos m\u00e1s que hoy\u201d. Por eso, para el gobernador, la postura de la oposici\u00f3n fue de alguna forma repudiable.<\/p>\n<p>\u201cQuisieron obstaculizar. Es una locura, porque en 2020 vamos a afrontar 200 mil millones de pesos por la deuda que tomaron ellos, contra 66 mil millones de 2019\u201d, exclam\u00f3 Kicillof.<\/p>\n<p>\u201cNosotros respetamos a las minor\u00edas y dialogamos con todos, pero no puede ser que la oposici\u00f3n tome la decisi\u00f3n de trabar el Senado para\u00a0obstaculizar a un gobierno que gan\u00f3 por el 52 por ciento de los votos\u201d, concluy\u00f3.<\/p>\n<h6>Fuente: P\u00e1gina 12<\/h6>\n","protected":false},"excerpt":{"rendered":"<p>El gobernador rechaz\u00f3 los argumentos de la oposici\u00f3n acerca de que el proyecto de ley impositiva se trataba de un \u201cImpuestazo\u201d.<\/p>\n","protected":false},"author":2,"featured_media":97778,"comment_status":"closed","ping_status":"closed","sticky":false,"template":"","format":"standard","meta":{"footnotes":""},"categories":[65],"tags":[12],"class_list":["post-97777","post","type-post","status-publish","format-standard","has-post-thumbnail","hentry","category-provincias","tag-buenos-aires"],"_links":{"self":[{"href":"http:\/\/argentinamunicipal.com.ar\/argentina\/wp-json\/wp\/v2\/posts\/97777","targetHints":{"allow":["GET"]}}],"collection":[{"href":"http:\/\/argentinamunicipal.com.ar\/argentina\/wp-json\/wp\/v2\/posts"}],"about":[{"href":"http:\/\/argentinamunicipal.com.ar\/argentina\/wp-json\/wp\/v2\/types\/post"}],"author":[{"embeddable":true,"href":"http:\/\/argentinamunicipal.com.ar\/argentina\/wp-json\/wp\/v2\/users\/2"}],"replies":[{"embeddable":true,"href":"http:\/\/argentinamunicipal.com.ar\/argentina\/wp-json\/wp\/v2\/comments?post=97777"}],"version-history":[{"count":0,"href":"http:\/\/argentinamunicipal.com.ar\/argentina\/wp-json\/wp\/v2\/posts\/97777\/revisions"}],"wp:featuredmedia":[{"embeddable":true,"href":"http:\/\/argentinamunicipal.com.ar\/argentina\/wp-json\/wp\/v2\/media\/97778"}],"wp:attachment":[{"href":"http:\/\/argentinamunicipal.com.ar\/argentina\/wp-json\/wp\/v2\/media?parent=97777"}],"wp:term":[{"taxonomy":"category","embeddable":true,"href":"http:\/\/argentinamunicipal.com.ar\/argentina\/wp-json\/wp\/v2\/categories?post=97777"},{"taxonomy":"post_tag","embeddable":true,"href":"http:\/\/argentinamunicipal.com.ar\/argentina\/wp-json\/wp\/v2\/tags?post=97777"}],"curies":[{"name":"wp","href":"https:\/\/api.w.org\/{rel}","templated":true}]}}