{"id":97789,"date":"2019-12-30T05:44:06","date_gmt":"2019-12-30T08:44:06","guid":{"rendered":"http:\/\/argentinamunicipal.com.ar\/argentina\/?p=97789"},"modified":"2019-12-30T07:46:34","modified_gmt":"2019-12-30T10:46:34","slug":"declaran-la-emergencia-economica-en-funes","status":"publish","type":"post","link":"http:\/\/argentinamunicipal.com.ar\/argentina\/declaran-la-emergencia-economica-en-funes\/","title":{"rendered":"Declaran la emergencia econ\u00f3mica en Funes"},"content":{"rendered":"<p>La iniciativa impulsada por la Intendencia fue aprobada un\u00e1nimemente por el Concejo, aunque los ediles hicieron algunas modificaciones.<\/p>\n<p>El intendente de Funes, Rolvider Santacroce, logr\u00f3, aunque con algunas modificaciones, la sanci\u00f3n de un proyecto de ordenanza que envi\u00f3 al Concejo para declarar en estado de emergencia la prestaci\u00f3n de servicios p\u00fablicos, la ejecuci\u00f3n de los contratos a cargo del municipio y la situaci\u00f3n econ\u00f3mica y financiera del Estado local hasta fines de 2020.<\/p>\n<p>Lo resuelto en el marco de una sesi\u00f3n extraordinaria otorga al gobierno municipal una serie de herramientas ante la cr\u00edtica coyuntura y as\u00ed poder avanzar en acciones superadoras de cara al futuro.<\/p>\n<p>Con la ausencia de un s\u00f3lo concejal, la iniciativa fue aprobada en forma un\u00e1nime por los otros cinco ediles funenses que integran el organismo Legislativo local.<\/p>\n<p>La emergencia autoriza al Ejecutivo municipal a instrumentar una serie de medidas, entre las que se hace especial hincapi\u00e9 en la prestaci\u00f3n de los servicios p\u00fablicos, lo que el mandatario local traz\u00f3 como una de sus prioridades cuando asumi\u00f3 su cargo el pasado 10 de diciembre y se top\u00f3 con un marcado d\u00e9ficit en tal sentido, por lo que desde el primer d\u00eda puso el acento en mejorar la atenci\u00f3n municipal a fin de satisfacer necesidades en diferentes zonas de la ciudad.<\/p>\n<p>Tambi\u00e9n se dio luz verde a la Intendencia para \u00abreprogramar\u00bb contratos municipales y revisar la efectivizaci\u00f3n de personal durante el \u00faltimo a\u00f1o del gobierno saliente. No obstante, ese punto sufri\u00f3 cambios respecto al texto original que planteaba la \u00absuspensi\u00f3n de los pases a planta permanente que hubieran sido dictados en el per\u00edodo 1\u00ba de enero al 10 de diciembre de 2019\u00bb.<\/p>\n<p>Los ediles, evaluaci\u00f3n mediante, consideraron que s\u00f3lo queden sujetas a revisi\u00f3n para luego resolver en consecuencia.<\/p>\n<p>Y respecto a la posibilidad de \u00abrenegociar contratos existentes\u00bb, tal facultad qued\u00f3 limitada a los que no est\u00e9n comprendidos en la Ley 9286 de escalafones y contratos de Municipios y Comunas as\u00ed como los alcanzados por la norma 9996, que regula la paritaria municipal. En tal sentido se aprob\u00f3 otra ordenanza que habilita el marco para la aplicaci\u00f3n de nuevas formas y condiciones.<\/p>\n<p>El proyecto de emergencia econ\u00f3mica que envi\u00f3 el intendente tambi\u00e9n preve\u00eda, aunque no prosper\u00f3, una \u00abrevisi\u00f3n\u00bb de la pol\u00edtica salarial implementada por el municipio hasta que concluy\u00f3 la gesti\u00f3n anterior.<\/p>\n<p>En este caso los legisladores locales consideraron que se trata de un tema que trasciende lo estrictamente municipal, ya que se define en una \u00f3rbita de nivel provincial a trav\u00e9s de negociaciones paritarias.<\/p>\n<p>M\u00e1s tiempo<\/p>\n<p>Por otra parte, el Ejecutivo municipal dispuso extender hasta el 15 de enero el plazo para poder acogerse a la moratoria destinada a la regularizaci\u00f3n de deudas por Tasa General de Inmuebles (TGI), cuyo vencimiento original estaba previsto que expire a fin de este mes.<\/p>\n<p>La medida fue dispuesta ante la gran concurrencia de contribuyentes que en los \u00faltimos d\u00edas se presentaron para en las oficinas habilitadas para acceder al beneficio.<\/p>\n<p>La suma adeudada al municipio por ese concepto es de 293 millones de pesos, por lo que recuperarlo ser\u00eda clave para aliviar las magras arcas municipales.<\/p>\n<p>A ello se agrega otro volumen importante de dinero que buscar\u00e1 cobrar en materia de tributos atrasados por Derecho de Registro e Inspecci\u00f3n as\u00ed como por patentes. \u00abFunes est\u00e1 atravesando un momento muy complejo. Estos d\u00edas hemos logrado reactivar pr\u00e1cticamente todos los servicios con lo poco que ten\u00edamos, y confiamos que con la extensi\u00f3n de la moratoria que hemos determinado podremos saldar la gran deuda que nos aqueja\u00bb, dijo Santacroce.<\/p>\n<p>Y confi\u00f3 en que \u00ablos vecinos har\u00e1n todo lo posible por ayudarnos\u00bb, para luego asurar que \u00abnosotros haremos nuestra parte, administrando los recursos eficientemente\u00bb.<\/p>\n<h6>Fuente: La Capital<\/h6>\n","protected":false},"excerpt":{"rendered":"<p>La iniciativa impulsada por la Intendencia fue aprobada un\u00e1nimemente por el Concejo, aunque los ediles hicieron algunas modificaciones.<\/p>\n","protected":false},"author":2,"featured_media":97790,"comment_status":"closed","ping_status":"closed","sticky":false,"template":"","format":"standard","meta":{"footnotes":""},"categories":[2],"tags":[10],"class_list":["post-97789","post","type-post","status-publish","format-standard","has-post-thumbnail","hentry","category-informe-municipal","tag-santa-fe"],"_links":{"self":[{"href":"http:\/\/argentinamunicipal.com.ar\/argentina\/wp-json\/wp\/v2\/posts\/97789","targetHints":{"allow":["GET"]}}],"collection":[{"href":"http:\/\/argentinamunicipal.com.ar\/argentina\/wp-json\/wp\/v2\/posts"}],"about":[{"href":"http:\/\/argentinamunicipal.com.ar\/argentina\/wp-json\/wp\/v2\/types\/post"}],"author":[{"embeddable":true,"href":"http:\/\/argentinamunicipal.com.ar\/argentina\/wp-json\/wp\/v2\/users\/2"}],"replies":[{"embeddable":true,"href":"http:\/\/argentinamunicipal.com.ar\/argentina\/wp-json\/wp\/v2\/comments?post=97789"}],"version-history":[{"count":0,"href":"http:\/\/argentinamunicipal.com.ar\/argentina\/wp-json\/wp\/v2\/posts\/97789\/revisions"}],"wp:featuredmedia":[{"embeddable":true,"href":"http:\/\/argentinamunicipal.com.ar\/argentina\/wp-json\/wp\/v2\/media\/97790"}],"wp:attachment":[{"href":"http:\/\/argentinamunicipal.com.ar\/argentina\/wp-json\/wp\/v2\/media?parent=97789"}],"wp:term":[{"taxonomy":"category","embeddable":true,"href":"http:\/\/argentinamunicipal.com.ar\/argentina\/wp-json\/wp\/v2\/categories?post=97789"},{"taxonomy":"post_tag","embeddable":true,"href":"http:\/\/argentinamunicipal.com.ar\/argentina\/wp-json\/wp\/v2\/tags?post=97789"}],"curies":[{"name":"wp","href":"https:\/\/api.w.org\/{rel}","templated":true}]}}