{"id":97948,"date":"2020-01-06T07:37:44","date_gmt":"2020-01-06T10:37:44","guid":{"rendered":"http:\/\/argentinamunicipal.com.ar\/argentina\/?p=97948"},"modified":"2020-01-06T07:37:44","modified_gmt":"2020-01-06T10:37:44","slug":"advierten-que-no-hay-fondos-para-pagar-las-raciones-de-los-comedores-escolares-rosarinos","status":"publish","type":"post","link":"http:\/\/argentinamunicipal.com.ar\/argentina\/advierten-que-no-hay-fondos-para-pagar-las-raciones-de-los-comedores-escolares-rosarinos\/","title":{"rendered":"Advierten que no hay fondos para pagar las raciones de los comedores escolares rosarinos"},"content":{"rendered":"<p>Ni la provincia ni la Naci\u00f3n depositaron el dinero con el que las directoras deben pagarles los insumos de diciembre a los proveedores<\/p>\n<p>Directoras que tienen a su cargo los comedores escolares en Rosario advirtieron que tanto el gobierno provincial como el nacional no depositaron a\u00fan los fondos para pagarles a los proveedores, por lo que al 6 de enero les est\u00e1n adeudando el pago de las raciones de diciembre. Se trata de una situaci\u00f3n que, aseguran, no se daba desde hac\u00eda una d\u00e9cada.<\/p>\n<p>\u00abLa verdad es que estamos muy preocupadas, porque si bien los proveedores nos siguen trayendo la comida, nosotros no tenemos con qu\u00e9 pagarles y en una econom\u00eda inflacionaria tampoco estamos exentos de que esos insumos sufran incrementos\u00bb, le explic\u00f3 ayer una directora a La Capital.<\/p>\n<p>En pleno domingo, la docente ingresaba una y otra vez al sistema para chequear el dep\u00f3sito de los fondos, una llegada de dinero que sigui\u00f3 sin plasmarse y que la llen\u00f3 de incertidumbre.<\/p>\n<p>No era la \u00fanica preocupada. En el \u00e1mbito de la Regi\u00f3n VI de Educaci\u00f3n hay m\u00e1s de un centenar de escuelas en las que los chicos siguen yendo en verano a las aulas, pero a almorzar. Y para muchos, se trata de la \u00fanica comida que ingieren en el d\u00eda.<\/p>\n<p>De acuerdo a los registros que llevan docentes y asistentes escolares, unos 22 mil chicos est\u00e1n asistiendo este verano a los comedores. Espacios que reciben a diario los insumos pero que ahora est\u00e1n en una encrucijada porque el estado no deposita los fondos para abonarlos.<\/p>\n<p>\u00abNosotros el d\u00eda 10 tenemos que rendir los gastos, pero estamos a 5 y a\u00fan no pudimos pagar lo que compramos en diciembre. La provincia no nos deposit\u00f3 un s\u00f3lo peso y tampoco lleg\u00f3 nada del Plan Nutricional Nacional, que es un refuerzo de dinero que s\u00f3lo puede destinarse a la compra de leche, carne, frutas y verduras\u00bb, detall\u00f3 otra directora.<\/p>\n<p>Ambas docentes explicaron que \u00abhabitualmente el dep\u00f3sito se hace el 25, de manera que en los comedores se puede hacer frente a los gastos que hay que abonarles a los proveedores\u00bb.<\/p>\n<p>Una mec\u00e1nica que se fue puliendo con los a\u00f1os, pero que en este 2020 parece haber retrocedido varios casilleros.<\/p>\n<p>Prioridades<\/p>\n<p>\u00abLa verdad que en una coyuntura en la que estamos discutiendo las emergencias econ\u00f3micas y alimentaria, deber\u00eda haber prioridades. Y que llegue el dinero en tiempo y forma a los comedores escolares para que los chicos puedan comer, sin dudas debe ser una de ellas\u00bb, indic\u00f3 una docente que administra un comedor en el que a diario almuerza medio centenar de chicos de entre 4 y 6 a\u00f1os.<\/p>\n<p>En zona oeste, otra docente que les da de comer en ese sector de la ciudad a 500 chicos de entre 6 y 13 a\u00f1os, sum\u00f3 otra preocupaci\u00f3n.<\/p>\n<p>\u00abLo que pasa es que nadie le da importancia a la comida. Lo que vemos es que ya en el entrono familiar de muchos de estos chicos les da lo mismo que coman un pedazo de pan duro a que coman carne. Entonces tenemos a muchos ni\u00f1os con d\u00e9ficit nutricionales. Pero que podemos esperar si ni siquiera al gobierno parece interesarle lo alimentario\u00bb,se lament\u00f3.<\/p>\n<p>Seg\u00fan las cifras relevadas en diciembre por el Instituto Nacional de Estad\u00edsticas y Censos (Indec), el 52,6 por ciento de los menores de 14 a\u00f1os viv\u00edan en hogares que no llegan a ganar el m\u00ednimo para cubrir el costo de la canasta b\u00e1sica de alimentos; es decir estaban bajo la linea de pobreza en el primer semestre de este a\u00f1o, cuando se realiz\u00f3 la medici\u00f3n.<\/p>\n<p>De acuerdo al Observatorio de la Deuda Social de la Universidad Cat\u00f3lica Argentina (UCA), el 59,5 por ciento de los ni\u00f1os y adolescentes viven en hogares con ingresos por debajo de la l\u00ednea de pobreza, de acuerdo al \u00faltimo informe que corresponde al tercer trimestre de 2019.<\/p>\n<p>Seg\u00fan datos de la cartera educativa, el costo de cada raci\u00f3n de comida es de $ 50,62 y por copa de leche se abona $ 17,36.<\/p>\n<h6>Fuente: La Capital<\/h6>\n","protected":false},"excerpt":{"rendered":"<p>Ni la provincia ni la Naci\u00f3n depositaron el dinero con el que las directoras deben pagarles los insumos de diciembre a los proveedores<\/p>\n","protected":false},"author":2,"featured_media":97949,"comment_status":"closed","ping_status":"closed","sticky":false,"template":"","format":"standard","meta":{"footnotes":""},"categories":[2],"tags":[10],"class_list":["post-97948","post","type-post","status-publish","format-standard","has-post-thumbnail","hentry","category-informe-municipal","tag-santa-fe"],"_links":{"self":[{"href":"http:\/\/argentinamunicipal.com.ar\/argentina\/wp-json\/wp\/v2\/posts\/97948","targetHints":{"allow":["GET"]}}],"collection":[{"href":"http:\/\/argentinamunicipal.com.ar\/argentina\/wp-json\/wp\/v2\/posts"}],"about":[{"href":"http:\/\/argentinamunicipal.com.ar\/argentina\/wp-json\/wp\/v2\/types\/post"}],"author":[{"embeddable":true,"href":"http:\/\/argentinamunicipal.com.ar\/argentina\/wp-json\/wp\/v2\/users\/2"}],"replies":[{"embeddable":true,"href":"http:\/\/argentinamunicipal.com.ar\/argentina\/wp-json\/wp\/v2\/comments?post=97948"}],"version-history":[{"count":0,"href":"http:\/\/argentinamunicipal.com.ar\/argentina\/wp-json\/wp\/v2\/posts\/97948\/revisions"}],"wp:featuredmedia":[{"embeddable":true,"href":"http:\/\/argentinamunicipal.com.ar\/argentina\/wp-json\/wp\/v2\/media\/97949"}],"wp:attachment":[{"href":"http:\/\/argentinamunicipal.com.ar\/argentina\/wp-json\/wp\/v2\/media?parent=97948"}],"wp:term":[{"taxonomy":"category","embeddable":true,"href":"http:\/\/argentinamunicipal.com.ar\/argentina\/wp-json\/wp\/v2\/categories?post=97948"},{"taxonomy":"post_tag","embeddable":true,"href":"http:\/\/argentinamunicipal.com.ar\/argentina\/wp-json\/wp\/v2\/tags?post=97948"}],"curies":[{"name":"wp","href":"https:\/\/api.w.org\/{rel}","templated":true}]}}