{"id":98095,"date":"2020-01-13T06:22:28","date_gmt":"2020-01-13T09:22:28","guid":{"rendered":"http:\/\/argentinamunicipal.com.ar\/argentina\/?p=98095"},"modified":"2020-01-13T06:22:28","modified_gmt":"2020-01-13T09:22:28","slug":"municipales-de-casilda-paro-por-tiempo-indeterminado-y-corte-de-ruta","status":"publish","type":"post","link":"http:\/\/argentinamunicipal.com.ar\/argentina\/municipales-de-casilda-paro-por-tiempo-indeterminado-y-corte-de-ruta\/","title":{"rendered":"Municipales de Casilda: paro por tiempo indeterminado y corte de ruta"},"content":{"rendered":"<p>Luego de la asamblea celebrada durante el mediod\u00eda de este viernes, se conocieron las medidas para la semana pr\u00f3xima. Se intensifican los reclamos<\/p>\n<p>En conjunto los trabajadores del Estado local se juntaron en su sede de Casado y San Luis para nuevamente determinar que medidas tomar de cara a la falta de posibilidad de pago por parte del Ejecutivo local. Al no recibir una nueva propuesta, las medidas apuntan a la semana pr\u00f3xima y con mucha m\u00e1s intensidad.<\/p>\n<p>Desde las arcas en manos del intendente Andr\u00e9s Golosetti se le ofreci\u00f3 a los municipales cobrar la mitad, pero eso no fue aceptado en las dos oportunidades en las que se present\u00f3 la moci\u00f3n. Es por eso, que hoy en la asamblea decidieron que entre lunes y martes habr\u00e1 un corte de ruta nacional 33 a la altura de la ciudad.<\/p>\n<p>Adem\u00e1s est\u00e1 confirmado que durante ambos d\u00edas, el paro sea con asistencia a los lugares de trabajo, pero para las jornadas posteriores, ya ser\u00e1 sin la presencia del operario en su puesto. \u201cLo real y concreto es que lunes y martes iniciamos la medida con asistencia a los lugares de trabajo\u201d, anunci\u00f3 Britos en\u00a0Radio\u00a0Casilda.<\/p>\n<p>\u201cCreo que la mayor apuesta es la movilizaci\u00f3n y el corte de ruta, que es lo que siempre nos ha dado respuestas a lo que nosotros venimos planteando\u201d, se\u00f1al\u00f3 el gremialista. Las puertas del Palacio Municipal nuevamente anuncian \u201cHOY DE PARO\u201d, y se pueden\u00a0ver a parte de los trabajadores ingresar por la puerta lateral del lugar.<\/p>\n<h6>Fuente: Casilda Plus<\/h6>\n","protected":false},"excerpt":{"rendered":"<p>Luego de la asamblea celebrada durante el mediod\u00eda de este viernes, se conocieron las medidas para la semana pr\u00f3xima. Se intensifican los reclamos<\/p>\n","protected":false},"author":2,"featured_media":98096,"comment_status":"closed","ping_status":"closed","sticky":false,"template":"","format":"standard","meta":{"footnotes":""},"categories":[7],"tags":[10],"class_list":["post-98095","post","type-post","status-publish","format-standard","has-post-thumbnail","hentry","category-informe-sindical","tag-santa-fe"],"_links":{"self":[{"href":"http:\/\/argentinamunicipal.com.ar\/argentina\/wp-json\/wp\/v2\/posts\/98095","targetHints":{"allow":["GET"]}}],"collection":[{"href":"http:\/\/argentinamunicipal.com.ar\/argentina\/wp-json\/wp\/v2\/posts"}],"about":[{"href":"http:\/\/argentinamunicipal.com.ar\/argentina\/wp-json\/wp\/v2\/types\/post"}],"author":[{"embeddable":true,"href":"http:\/\/argentinamunicipal.com.ar\/argentina\/wp-json\/wp\/v2\/users\/2"}],"replies":[{"embeddable":true,"href":"http:\/\/argentinamunicipal.com.ar\/argentina\/wp-json\/wp\/v2\/comments?post=98095"}],"version-history":[{"count":0,"href":"http:\/\/argentinamunicipal.com.ar\/argentina\/wp-json\/wp\/v2\/posts\/98095\/revisions"}],"wp:featuredmedia":[{"embeddable":true,"href":"http:\/\/argentinamunicipal.com.ar\/argentina\/wp-json\/wp\/v2\/media\/98096"}],"wp:attachment":[{"href":"http:\/\/argentinamunicipal.com.ar\/argentina\/wp-json\/wp\/v2\/media?parent=98095"}],"wp:term":[{"taxonomy":"category","embeddable":true,"href":"http:\/\/argentinamunicipal.com.ar\/argentina\/wp-json\/wp\/v2\/categories?post=98095"},{"taxonomy":"post_tag","embeddable":true,"href":"http:\/\/argentinamunicipal.com.ar\/argentina\/wp-json\/wp\/v2\/tags?post=98095"}],"curies":[{"name":"wp","href":"https:\/\/api.w.org\/{rel}","templated":true}]}}