{"id":98141,"date":"2020-01-13T07:20:55","date_gmt":"2020-01-13T10:20:55","guid":{"rendered":"http:\/\/argentinamunicipal.com.ar\/argentina\/?p=98141"},"modified":"2020-01-13T07:20:55","modified_gmt":"2020-01-13T10:20:55","slug":"municipales-santafesinos-en-alerta-por-despidos-y-falta-de-pagos","status":"publish","type":"post","link":"http:\/\/argentinamunicipal.com.ar\/argentina\/municipales-santafesinos-en-alerta-por-despidos-y-falta-de-pagos\/","title":{"rendered":"Municipales santafesinos en alerta por despidos y falta de pagos"},"content":{"rendered":"<p>As\u00ed lo declar\u00f3 la Festram, que debati\u00f3 estrategias frente a la cr\u00edtica situaci\u00f3n, y dio luz verde a los sindicatos para tomar medidas de fuerza.<\/p>\n<p>La Federaci\u00f3n de Sindicatos de Trabajadores Municipales de la provincia (Festram) ratific\u00f3 el estado de alerta y movilizaci\u00f3n ante la preocupaci\u00f3n por despidos y la falta de pago salariales en algunas administraciones locales de Santa Fe. As\u00ed lo resolvi\u00f3 tras un extenso an\u00e1lisis de la situaci\u00f3n en el \u00faltimo plenario de secretarios generales, donde adem\u00e1s dio luz verde a las entidades de base para la instrumentaci\u00f3n de medidas de fuerza en demanda de reclamos por atrasos salariales y aguinaldo.<\/p>\n<p>Asimismo, se debatieron estrategias sindicales frente a la cr\u00edtica situaci\u00f3n de varios gobiernos locales, al tiempo que se resolvi\u00f3 suspender las protestas en las rutas, a la espera de las medidas que se adopten a nivel provincial en auxilio de las prestaciones m\u00ednimas de los servicios p\u00fablicos y el pago de haberes, en temas como obras menores, refinanciamientos de anticipos de coparticipaci\u00f3n y distribuci\u00f3n de aportes del Tesoro Nacional (ATN), entre otras resoluciones pendientes.<\/p>\n<p>Festram tambi\u00e9n se expres\u00f3 a favor de que el gobierno provincial no deje de contemplar la situaci\u00f3n general de las municipalidades y comunas a la hora de buscar alternativas financieras para la administraci\u00f3n central de la provincia. Y expres\u00f3 su solidaridad con los trabajadores y trabajadoras de San Jos\u00e9 del Rinc\u00f3n, Casilda, Coronda, San Javier, Carcara\u00f1\u00e1 y Funes, quienes padecen la falta de cobro de sus salarios en tiempo y forma y\/o porcentajes del segundo Sueldo Anual Complementario.<\/p>\n<p>La instituci\u00f3n gremial adem\u00e1s denunci\u00f3 el accionar arbitrario de las municipalidades de Coronda, Ceres y Funes, que \u201cest\u00e1n realizando despidos de personal de planta permanente, contratados y con locaciones de servicios \u2014de varios a\u00f1os de antig\u00fcedad\u2014 en forma unilateral y haciendo revisiones sobre actos realizados por administraciones anteriores y dejando al personal afectado, fuera del \u00e1mbito de trabajo\u201d.<\/p>\n<p>En ese contexto indic\u00f3 que contin\u00faa con las gestiones \u201cante la Secretar\u00eda de Regiones, Municipios y Comunas, y el Ministerio de Trabajo y Seguridad Social de la provincia, en la b\u00fasqueda de soluciones a los conflictos planteados por sus sindicatos adheridos\u201d<\/p>\n<h6>Fuente: La Capital<\/h6>\n","protected":false},"excerpt":{"rendered":"<p>As\u00ed lo declar\u00f3 la Festram, que debati\u00f3 estrategias frente a la cr\u00edtica situaci\u00f3n, y dio luz verde a los sindicatos para tomar medidas de fuerza.<\/p>\n","protected":false},"author":2,"featured_media":98142,"comment_status":"closed","ping_status":"closed","sticky":false,"template":"","format":"standard","meta":{"footnotes":""},"categories":[7],"tags":[10],"class_list":["post-98141","post","type-post","status-publish","format-standard","has-post-thumbnail","hentry","category-informe-sindical","tag-santa-fe"],"_links":{"self":[{"href":"http:\/\/argentinamunicipal.com.ar\/argentina\/wp-json\/wp\/v2\/posts\/98141","targetHints":{"allow":["GET"]}}],"collection":[{"href":"http:\/\/argentinamunicipal.com.ar\/argentina\/wp-json\/wp\/v2\/posts"}],"about":[{"href":"http:\/\/argentinamunicipal.com.ar\/argentina\/wp-json\/wp\/v2\/types\/post"}],"author":[{"embeddable":true,"href":"http:\/\/argentinamunicipal.com.ar\/argentina\/wp-json\/wp\/v2\/users\/2"}],"replies":[{"embeddable":true,"href":"http:\/\/argentinamunicipal.com.ar\/argentina\/wp-json\/wp\/v2\/comments?post=98141"}],"version-history":[{"count":0,"href":"http:\/\/argentinamunicipal.com.ar\/argentina\/wp-json\/wp\/v2\/posts\/98141\/revisions"}],"wp:featuredmedia":[{"embeddable":true,"href":"http:\/\/argentinamunicipal.com.ar\/argentina\/wp-json\/wp\/v2\/media\/98142"}],"wp:attachment":[{"href":"http:\/\/argentinamunicipal.com.ar\/argentina\/wp-json\/wp\/v2\/media?parent=98141"}],"wp:term":[{"taxonomy":"category","embeddable":true,"href":"http:\/\/argentinamunicipal.com.ar\/argentina\/wp-json\/wp\/v2\/categories?post=98141"},{"taxonomy":"post_tag","embeddable":true,"href":"http:\/\/argentinamunicipal.com.ar\/argentina\/wp-json\/wp\/v2\/tags?post=98141"}],"curies":[{"name":"wp","href":"https:\/\/api.w.org\/{rel}","templated":true}]}}