{"id":98147,"date":"2020-01-13T07:28:32","date_gmt":"2020-01-13T10:28:32","guid":{"rendered":"http:\/\/argentinamunicipal.com.ar\/argentina\/?p=98147"},"modified":"2020-01-13T07:28:32","modified_gmt":"2020-01-13T10:28:32","slug":"los-comedores-escolares-santafesinos-ya-tienen-los-fondos-para-las-partidas","status":"publish","type":"post","link":"http:\/\/argentinamunicipal.com.ar\/argentina\/los-comedores-escolares-santafesinos-ya-tienen-los-fondos-para-las-partidas\/","title":{"rendered":"Los comedores escolares santafesinos ya tienen los fondos para las partidas"},"content":{"rendered":"<p>El gobierno de Perotti asegur\u00f3 que las partidas fueron depositadas la semana pasada. El diputado Juan Cruz C\u00e1ndido hab\u00eda acusado al Ejecutivo de retrasar el env\u00edo y afectar la entrega de 175 mil raciones de comida y 450 mil copas de leche.<\/p>\n<p>El gobierno provincial confirm\u00f3 ayer que deposit\u00f3 los fondos correspondientes para el funcionamiento normal de los comedores escolares en Santa Fe. Fue ante denuncias de demoras que hac\u00edan peligrar el abastecimiento de las raciones de comida y copas de leche.<\/p>\n<p>Leer tambi\u00e9n\u00a0Piden por el env\u00edo de fondos a comedores escolares<\/p>\n<p>Seg\u00fan fuentes oficiales, se giraron las partidas a las escuelas la semana pasada, junto con el pago del transporte de las raciones.<\/p>\n<p>De esa manera, respondieron a las acusaciones del diputado provincial del radicalismo Juan Cruz C\u00e1ndido. El legislador se\u00f1al\u00f3 que \u201cel\u00a0retraso\u00a0del env\u00edo de las partidas presupuestarias lleva 20 d\u00edas\u201d. Y\u00a0complic\u00f3\u00a0la entrega de 175 mil raciones de comida y 450 mil copas de leche.<\/p>\n<p>Pedido<br \/>\nEl diputado provincial opositor hab\u00eda pedido a trav\u00e9s de un proyecto en la Legislatura que el gobernador Omar Perotti efectivice el env\u00edo de fondos a los comedores.<\/p>\n<p>Mediante un comunicado, el legislador radical (dentro del Frente Progresista) hab\u00eda marcado el contraste entre esa omisi\u00f3n (ahora desmentida) y las prioridades fijadas por el presidente Alberto Fern\u00e1ndez. \u201cTeniendo en cuenta la coyuntura y la convocatoria del Gobierno Nacional a\u00a0pelear contra el hambre, no entendemos la decisi\u00f3n del gobernador de retrasar el env\u00edo de las partidas presupuestarias de diciembre para comedores escolares que afecta a cientos de miles de chicos y chicas de la provincia y tampoco que no se reclame al Gobierno Nacional que cumpla con los desembolsos que le corresponden\u201d.<\/p>\n<p>Siempre seg\u00fan la informaci\u00f3n del diputado, el sistema es \u201csostenido a diario por 8.000 agentes del Estado\u201d. Y agreg\u00f3 qu\u00e9 \u201cPerotti dijo que no se va a endeudar (para pagar salarios a tiempo) pero\u00a0no es justo que sean los Directores de las Escuelas los que tengan que salir a pedir fiado.\u00a0Para poder sostener el alimento de ni\u00f1os y ni\u00f1as que no entienden de asuetos administrativos\u201d.<\/p>\n<h6>Fuente: Sin Mordaza<\/h6>\n","protected":false},"excerpt":{"rendered":"<p>El gobierno de Perotti asegur\u00f3 que las partidas fueron depositadas la semana pasada.<\/p>\n","protected":false},"author":2,"featured_media":98148,"comment_status":"closed","ping_status":"closed","sticky":false,"template":"","format":"standard","meta":{"footnotes":""},"categories":[2],"tags":[10],"class_list":["post-98147","post","type-post","status-publish","format-standard","has-post-thumbnail","hentry","category-informe-municipal","tag-santa-fe"],"_links":{"self":[{"href":"http:\/\/argentinamunicipal.com.ar\/argentina\/wp-json\/wp\/v2\/posts\/98147","targetHints":{"allow":["GET"]}}],"collection":[{"href":"http:\/\/argentinamunicipal.com.ar\/argentina\/wp-json\/wp\/v2\/posts"}],"about":[{"href":"http:\/\/argentinamunicipal.com.ar\/argentina\/wp-json\/wp\/v2\/types\/post"}],"author":[{"embeddable":true,"href":"http:\/\/argentinamunicipal.com.ar\/argentina\/wp-json\/wp\/v2\/users\/2"}],"replies":[{"embeddable":true,"href":"http:\/\/argentinamunicipal.com.ar\/argentina\/wp-json\/wp\/v2\/comments?post=98147"}],"version-history":[{"count":0,"href":"http:\/\/argentinamunicipal.com.ar\/argentina\/wp-json\/wp\/v2\/posts\/98147\/revisions"}],"wp:featuredmedia":[{"embeddable":true,"href":"http:\/\/argentinamunicipal.com.ar\/argentina\/wp-json\/wp\/v2\/media\/98148"}],"wp:attachment":[{"href":"http:\/\/argentinamunicipal.com.ar\/argentina\/wp-json\/wp\/v2\/media?parent=98147"}],"wp:term":[{"taxonomy":"category","embeddable":true,"href":"http:\/\/argentinamunicipal.com.ar\/argentina\/wp-json\/wp\/v2\/categories?post=98147"},{"taxonomy":"post_tag","embeddable":true,"href":"http:\/\/argentinamunicipal.com.ar\/argentina\/wp-json\/wp\/v2\/tags?post=98147"}],"curies":[{"name":"wp","href":"https:\/\/api.w.org\/{rel}","templated":true}]}}