{"id":98213,"date":"2020-01-14T07:23:58","date_gmt":"2020-01-14T10:23:58","guid":{"rendered":"http:\/\/argentinamunicipal.com.ar\/argentina\/?p=98213"},"modified":"2020-01-14T07:23:58","modified_gmt":"2020-01-14T10:23:58","slug":"casilda-se-moviliza-en-defensa-del-salario-el-empleo-y-la-salud-publica","status":"publish","type":"post","link":"http:\/\/argentinamunicipal.com.ar\/argentina\/casilda-se-moviliza-en-defensa-del-salario-el-empleo-y-la-salud-publica\/","title":{"rendered":"Casilda se moviliza en defensa del salario, el empleo y la salud p\u00fablica"},"content":{"rendered":"<p>Los municipales y otros gremios estatales marchar\u00e1n hoy por el centro de la ciudad. Un aporte provincial podr\u00eda destrabar la crisis.<\/p>\n<p>El paro municipal en Casilda sum\u00f3 ayer un nuevo cap\u00edtulo con una concentraci\u00f3n de trabajadores frente al edificio de la sede de gobierno local en busca de respuesta al pago de salarios atrasados. Aunque a\u00fan no surgieron soluciones y fue ratificada para hoy, a partir de las 10, una movilizaci\u00f3n por el centro de la ciudad junto a otros gremios estatales, el conflicto podr\u00eda destrabarse ma\u00f1ana de confirmarse el desembolso de un aporte provincial. Se trata de un adelanto de coparticipaci\u00f3n de unos 20 millones de pesos que gestion\u00f3 el municipio, lo que permitir\u00eda afrontar las obligaciones salariales de diciembre para poner fin a la huelga laboral que arranc\u00f3 el mi\u00e9rcoles de la semana pasada.<\/p>\n<p>Al respecto el intendente, Andr\u00e9s Golosetti, indic\u00f3 ayer a LaCapital que, de concretarse la entrega del esperado aporte, como todo indica, \u00abser\u00e1 un alivio porque posibilitar\u00e1 resolver la situaci\u00f3n coyuntural, pero lamentablemente el problema lo volveremos a tener dentro de quince d\u00edas al no contar con recursos suficiente para pagar haberes en tiempo y forma, raz\u00f3n por lo cual ya estamos trabajando sobre medidas de fondo para revertir la situaci\u00f3n de cara a futuro\u00bb.<\/p>\n<p>En tal sentido, el mandatario justicialista casildense, quien al asumir sus funciones el pasado 10 de diciembre hered\u00f3 del gobierno saliente una deuda cercana a las 90 millones de pesos, renov\u00f3 su compromiso de equilibrar la cuentas \u00abachicando considerablemente los gastos superfluos y mejorando los ingresos con un programa que tenemos en marcha y que apunta a elevar el m\u00ednimos del derecho de registro e inspecci\u00f3n a importantes empresas radicadas en la ciudad\u00bb.<\/p>\n<p>Y tambi\u00e9n record\u00f3 la instrumentaci\u00f3n de un r\u00e9gimen de moratoria para regularizar deudas tributarias municipales a lo que se prev\u00e9 sumar en breve un plan similar para contribuyentes que adeudan patente de veh\u00edculos.<\/p>\n<p>Golosetti, m\u00e1s all\u00e1 de haber pedido asistencia provincial para pagar sueldos, manifest\u00f3 su coincidencia con el gobernador, Omar Perotti, sobre la necesidad de que las administraciones locales apelen a la generaci\u00f3n de recursos propios para afrontar obligaciones.<\/p>\n<p>\u00abEstoy de acuerdo con su planteo ya que recurrir a la acostumbrada metodolog\u00eda de la ayuda provincial debiera ser una excepci\u00f3n una vez agotadas las instancias de buscar los recursos que hay en la ciudad y administrarlos con responsabilidad y eficiencia, que es donde fall\u00f3 la gesti\u00f3n municipal anterior, dej\u00e1ndonos esta situaci\u00f3n desastrosa que estamos intentando cambiar\u00bb, justific\u00f3 Golosetti.<\/p>\n<p>Si bien varias municipalidades deben lidiar con una realidad compleja desde el punto de vista econ\u00f3mico y financiero por estas horas s\u00f3lo tres administraciones locales santafesinas no pagaron a\u00fan los salarios de diciembre y afrontan conflictos: Casilda, Coronda y San Jos\u00e9 del Rinc\u00f3n.<\/p>\n<p>El gobierno casildense hab\u00eda ofrecido pagar el 50 por ciento pero result\u00f3 insuficiente, lo que desemboc\u00f3 en la medida de fuerza que el personal municipal lleva adelante con asistencia a los lugares de trabajo cuya modalidad, de no haber soluciones, se modificar\u00e1 desde ma\u00f1ana sin la presencia de empleados en sus puestos laborales.<\/p>\n<p>\u00abSeguiremos adelante con el paro hasta cobrar la totalidad de los haberes de diciembre\u00bb, asegur\u00f3 ayer a este medio el secretario general del Sindicato de Trabajadores Municipales de Casilda y Comunas Adheridas, Walter Britos, aunque con la expectativa de que se concrete durante esta semana la llegada de fondos provinciales para cancelar las acreencias laborales.<\/p>\n<p>Al respecto aclar\u00f3 que as\u00ed se lo transmitieron dirigentes de la Federaci\u00f3n de Sindicatos de Trabajadores Municipales de la Provincia de Santa Fe (Festram) tras una reuni\u00f3n que mantuvieron con autoridades del gobierno santafesino en torno al contexto de crisis que enfrentan varios gobiernos locales con dificultades para pagar haberes.<\/p>\n<p>\u00abAcaban de comunicarme desde Santa Fe la novedad y esperamos que el dinero llegue entre mi\u00e9rcoles y jueves para as\u00ed cobrar los salarios y retomar las actividades, aunque ma\u00f1ana (por hoy) participaremos de la movilizaci\u00f3n programa en Casilda con distintos gremios estatales\u00bb.<\/p>\n<p><strong>Soluciones<\/strong><\/p>\n<p>Aunque uno de los planteos es exigir el \u00aburgente pago de salarios\u00bb a los trabajadores municipales, la movida, donde adem\u00e1s estar\u00e1n presentes Amsafe Caseros y ATE Casilda, entre otras entidades gremiales, tambi\u00e9n apunta a la b\u00fasqueda de soluciones al dif\u00edcil problema financiero que tiene el hospital local San Carlos que, tal como dio cuenta oportunamente este medio, a\u00fan no logr\u00f3 cobrar a la provincia la totalidad de una deuda millonaria para poder pagar a proveedores de insumos.<\/p>\n<p>Y a ello se agrega el reclamo por la falta de autorizaci\u00f3n de reemplazos para licencias y el atraso de pagos a monotributistas, entre otros planteos acordados por los sindicatos que forman parte de la convocatoria.<\/p>\n<p>La marcha arrancar\u00e1 en 25 de Mayo y Buenos Aires, un punto de encuentro ya hist\u00f3rico para las protestas que tienen como escenario a esta ciudad cabecera del departamento Caseros.<\/p>\n<p>\u00abNo se puede vivir sin cobrar el salario, no podemos estar en una incertidumbre permanente, no queremos servir mal a nuestros vecinos y vecinas porque no hay insumos, porque falta personal, no queremos ver a pibes y pibas sin comer porque no se aumentan las partidas para los comedores escolares\u00bb, indica un comunicado difundido por gremios que adhieren a la movilizaci\u00f3n. Y en ese marco resalta que \u00abnos declaramos en emergencia y vamos a accionar para resolver estos problemas graves, tanto para los trabajadores como para la ciudadan\u00eda en general\u00bb.<\/p>\n<h6>Fuente: La Capital<\/h6>\n","protected":false},"excerpt":{"rendered":"<p>Los municipales y otros gremios estatales marchar\u00e1n hoy por el centro de la ciudad. Un aporte provincial podr\u00eda destrabar la crisis.<\/p>\n","protected":false},"author":2,"featured_media":98214,"comment_status":"closed","ping_status":"closed","sticky":false,"template":"","format":"standard","meta":{"footnotes":""},"categories":[7],"tags":[10],"class_list":["post-98213","post","type-post","status-publish","format-standard","has-post-thumbnail","hentry","category-informe-sindical","tag-santa-fe"],"_links":{"self":[{"href":"http:\/\/argentinamunicipal.com.ar\/argentina\/wp-json\/wp\/v2\/posts\/98213","targetHints":{"allow":["GET"]}}],"collection":[{"href":"http:\/\/argentinamunicipal.com.ar\/argentina\/wp-json\/wp\/v2\/posts"}],"about":[{"href":"http:\/\/argentinamunicipal.com.ar\/argentina\/wp-json\/wp\/v2\/types\/post"}],"author":[{"embeddable":true,"href":"http:\/\/argentinamunicipal.com.ar\/argentina\/wp-json\/wp\/v2\/users\/2"}],"replies":[{"embeddable":true,"href":"http:\/\/argentinamunicipal.com.ar\/argentina\/wp-json\/wp\/v2\/comments?post=98213"}],"version-history":[{"count":0,"href":"http:\/\/argentinamunicipal.com.ar\/argentina\/wp-json\/wp\/v2\/posts\/98213\/revisions"}],"wp:featuredmedia":[{"embeddable":true,"href":"http:\/\/argentinamunicipal.com.ar\/argentina\/wp-json\/wp\/v2\/media\/98214"}],"wp:attachment":[{"href":"http:\/\/argentinamunicipal.com.ar\/argentina\/wp-json\/wp\/v2\/media?parent=98213"}],"wp:term":[{"taxonomy":"category","embeddable":true,"href":"http:\/\/argentinamunicipal.com.ar\/argentina\/wp-json\/wp\/v2\/categories?post=98213"},{"taxonomy":"post_tag","embeddable":true,"href":"http:\/\/argentinamunicipal.com.ar\/argentina\/wp-json\/wp\/v2\/tags?post=98213"}],"curies":[{"name":"wp","href":"https:\/\/api.w.org\/{rel}","templated":true}]}}