{"id":98614,"date":"2020-01-24T07:14:51","date_gmt":"2020-01-24T10:14:51","guid":{"rendered":"http:\/\/argentinamunicipal.com.ar\/argentina\/?p=98614"},"modified":"2020-01-24T07:24:06","modified_gmt":"2020-01-24T10:24:06","slug":"santa-fe-entre-septimo-grado-y-primer-ano-abandonaron-la-escuela-ocho-mil-chicos","status":"publish","type":"post","link":"http:\/\/argentinamunicipal.com.ar\/argentina\/santa-fe-entre-septimo-grado-y-primer-ano-abandonaron-la-escuela-ocho-mil-chicos\/","title":{"rendered":"Entre s\u00e9ptimo grado y primer a\u00f1o abandonaron la escuela ocho mil chicos santafesinos"},"content":{"rendered":"<p>La ministra de Educaci\u00f3n de la provincia, Adriana Cantero, admiti\u00f3 que , adem\u00e1s de la fuerte deserci\u00f3n escolar, tambi\u00e9n preocupa la ca\u00edda en el ingreso a sala de cuatro, en nivel inicial.<\/p>\n<p>La crisis econ\u00f3mica y social que afronta el pa\u00eds se refleja en todos los sectores, tambi\u00e9n en aquellos que m\u00e1s exponen el grado de vulnerabilidad y necesidades que atraviesan e interpelan a la sociedad. Este angustiante escenario se verifica adem\u00e1s en el recorrido educativo, ya que las autoridades de la provincia de Santa Fe exhibieron un informe del a\u00f1o 2018 que revela que, entre 7\u00ba grado y 1\u00ba a\u00f1o, abandonaron la escuela alrededor de 8 mil chicos.<\/p>\n<p>Asimismo, tambi\u00e9n se mostraron inquietos por la ca\u00edda en el ingreso a sala de cuatro, que representa m\u00e1s de mil ni\u00f1os que no se pudieron incorporar al sistema. \u00abTodos estos datos fueron compartidos con los intendentes y jefes comunales de la provincia, junto con la n\u00f3mina de los chicos que tenemos que ir a buscar para que vuelvan a la escuela\u00bb, se\u00f1al\u00f3 Adriana Cantero, ministra de Educaci\u00f3n de la provincia.<\/p>\n<p>\u00abHicimos un convenio marco de acuerdo con todos los presidentes comunales e intendentes de la provincia. Este acuerdo est\u00e1 en la l\u00ednea de acci\u00f3n del plan \u00abtodos los chicos a la escuela\u00bb, que suscribi\u00f3 el ministro nacional con el gobernador, Omar Perotti\u00bb, coment\u00f3 Cantero.<\/p>\n<p>Y ampli\u00f3: \u00abEsto implica una serie de tareas. En en primer momento estamos compartiendo informaci\u00f3n con cada jefe territorial, acerca de chicos que en sus localidades aparecen en los registros del ministerio de Educaci\u00f3n provincial como en situaci\u00f3n de abandono interanual\u00bb.<\/p>\n<p>En ese sentido, cont\u00f3 que \u00able pedimos que se haga un trabajo m\u00e1s localizado, m\u00e1s de cercan\u00eda, para identificar quiz\u00e1s a m\u00e1s chicos que a lo mejor est\u00e1n fuera de nuestros registros, pero que necesitan ser visualizados para poder llevarlos a la escuela el 2 de marzo\u00bb.<\/p>\n<p>\u00abLa idea es que todos los chicos que tengan edad de escolaridad obligatoria est\u00e9n en la escuela este a\u00f1o. Queremos cumplir la meta de obligatoriedad que est\u00e1 planteando la ley desde el a\u00f1o 2007\u00bb, remarc\u00f3 la ministra en declaraciones a LT8.<\/p>\n<p><strong>Mesas departamentales<\/strong><\/p>\n<p>Cantero precis\u00f3 que hay una segunda etapa del programa que \u00abapunta a las mesas departamentales, donde nos vamos a reunir con los jefes locales de cada departamento, y representantes de otra tareas de gobierno, en un encuentro de pol\u00edtica intersectorial, para poder identificar a los chicos y las problem\u00e1ticas que hacen que no est\u00e9n en la escuela. Y as\u00ed construir l\u00edneas de acci\u00f3n intersectoriales que nos permitan generar otras condiciones alrededor de la escuela para que los chicos puedan volver.<\/p>\n<p>La funcionaria se mostr\u00f3 muy preocupada por los n\u00fameros que maneja la provincia. \u00abLas estad\u00edsticas nos dicen que con los datos consolidados de 2018, porque las de 2019 las recibiremos despu\u00e9s de marzo, estamos hablando de una cifra de abandono que nos preocupa mucho. Entre s\u00e9ptimo grado y primer a\u00f1o, se fueron aproximadamente ocho mil chicos\u00bb, enfatiz\u00f3.<\/p>\n<p>En relaci\u00f3n a ese relevamiento, Cantero puntualiz\u00f3 que no tiene n\u00fameros espec\u00edficos de Rosario. \u00abTodav\u00eda no fueron apartados del resto. Pero tenemos en claro que Rosario no s\u00f3lo es la ciudad m\u00e1s grande de la provincia, adem\u00e1s exhibe fen\u00f3menos complejos en su organizaci\u00f3n, y en sus realidades muy diversas que se expresan en cada uno de sus sectores. Por eso en Rosario vamos a realizar dos mesas departamentales, por el volumen de poblaci\u00f3n escolar\u00bb.<\/p>\n<p>La ministra tambi\u00e9n se refiri\u00f3 a la reuni\u00f3n del mi\u00e9rcoles con el intendente, Pablo Javkin. \u00abNos qued\u00f3 claro que la ciudad va a trabajar intensamente, con todos sus equipos, que los tiene, para poder cumplir entre todos con este prop\u00f3sito de que todos los chicos vayan a la escuela. Hay que aprovechar la capacidad instalada que tiene Rosario\u00bb, advirti\u00f3.<\/p>\n<p>Acerca de las principales razones que provocan el abandono de los chicos, explic\u00f3 que \u00ablas causales son muy diversas, porque la provincia tiene rasgos muy diversos. Hay lugares inh\u00f3spitos donde el problema son los traslados, y hay otros donde las familias necesitan un apoyo extra. En otros necesitamos la asistencia de la secretar\u00eda de la Mujer alrededor de las madres que est\u00e1n en situaciones complicadas y por eso hace que retiren los chicos de la escuela\u00bb.<\/p>\n<p>Y profundiz\u00f3: \u00abEn este contexto de empobrecimiento, hay lugares donde hay que asistir con otras pol\u00edticas complementarias. Hay muchas necesidades de salud. Por todo esto, van a ser muy importantes las mesas departamentales, para analizar en cada lugar cu\u00e1les son las acciones que requieren prioridad en nuestras intervenciones\u00bb.<\/p>\n<p>\u00abLa idea es que todos los chicos que tengan edad de escolaridad obligatoria est\u00e9n en la escuela este a\u00f1o\u00bb<\/p>\n<h6>Fuente: La Capital<\/h6>\n","protected":false},"excerpt":{"rendered":"<p>La ministra de Educaci\u00f3n de la provincia, Adriana Cantero, admiti\u00f3 que , adem\u00e1s de la fuerte deserci\u00f3n escolar, tambi\u00e9n preocupa la ca\u00edda en el ingreso a sala de cuatro, en nivel inicial.<\/p>\n","protected":false},"author":2,"featured_media":98623,"comment_status":"closed","ping_status":"closed","sticky":false,"template":"","format":"standard","meta":{"footnotes":""},"categories":[2],"tags":[10],"class_list":["post-98614","post","type-post","status-publish","format-standard","has-post-thumbnail","hentry","category-informe-municipal","tag-santa-fe"],"_links":{"self":[{"href":"http:\/\/argentinamunicipal.com.ar\/argentina\/wp-json\/wp\/v2\/posts\/98614","targetHints":{"allow":["GET"]}}],"collection":[{"href":"http:\/\/argentinamunicipal.com.ar\/argentina\/wp-json\/wp\/v2\/posts"}],"about":[{"href":"http:\/\/argentinamunicipal.com.ar\/argentina\/wp-json\/wp\/v2\/types\/post"}],"author":[{"embeddable":true,"href":"http:\/\/argentinamunicipal.com.ar\/argentina\/wp-json\/wp\/v2\/users\/2"}],"replies":[{"embeddable":true,"href":"http:\/\/argentinamunicipal.com.ar\/argentina\/wp-json\/wp\/v2\/comments?post=98614"}],"version-history":[{"count":0,"href":"http:\/\/argentinamunicipal.com.ar\/argentina\/wp-json\/wp\/v2\/posts\/98614\/revisions"}],"wp:featuredmedia":[{"embeddable":true,"href":"http:\/\/argentinamunicipal.com.ar\/argentina\/wp-json\/wp\/v2\/media\/98623"}],"wp:attachment":[{"href":"http:\/\/argentinamunicipal.com.ar\/argentina\/wp-json\/wp\/v2\/media?parent=98614"}],"wp:term":[{"taxonomy":"category","embeddable":true,"href":"http:\/\/argentinamunicipal.com.ar\/argentina\/wp-json\/wp\/v2\/categories?post=98614"},{"taxonomy":"post_tag","embeddable":true,"href":"http:\/\/argentinamunicipal.com.ar\/argentina\/wp-json\/wp\/v2\/tags?post=98614"}],"curies":[{"name":"wp","href":"https:\/\/api.w.org\/{rel}","templated":true}]}}