{"id":98635,"date":"2020-01-24T05:00:20","date_gmt":"2020-01-24T08:00:20","guid":{"rendered":"http:\/\/argentinamunicipal.com.ar\/argentina\/?p=98635"},"modified":"2020-01-24T07:36:47","modified_gmt":"2020-01-24T10:36:47","slug":"ferias-para-todes-el-plan-nacional-llega-a-rosario-en-febrero","status":"publish","type":"post","link":"http:\/\/argentinamunicipal.com.ar\/argentina\/ferias-para-todes-el-plan-nacional-llega-a-rosario-en-febrero\/","title":{"rendered":"Ferias para todes: el plan nacional llega a Rosario en febrero"},"content":{"rendered":"<p>El primer lugar ser\u00e1 el Distrito Noroeste, en un mercado de barrio Ludue\u00f1a Norte.<\/p>\n<p>El Ministerio de Desarrollo Social de la Naci\u00f3n, confirm\u00f3 que la feria llegar\u00e1 a Rosario el pr\u00f3ximo 8 de febrero. Las mismas tendr\u00e1n alimentos varios a precios accesibles. Podr\u00e1n comprarse: leches, carnes, verduras, pan y pescado, m\u00e1s garrafas de gas envasado.<\/p>\n<p>\u201cVamos a llevar la feria de alimentos y los productores a las villas de Rosario para que no vayan solo los gendarmes\u201d, afirm\u00f3 el director nacional de Comercializaci\u00f3n y Abastecimiento Popular, Rafael Klejzer.<\/p>\n<p>El funcionario del Ministerio de Desarrollo adelant\u00f3 que en los puestos habr\u00e1 precios especiales.\u00a0Los mismo estar\u00e1n entre un 15 y un 20 por ciento por debajo de los Precios Ciudados.<\/p>\n<p>Klejzer aclar\u00f3 que los precios bajos existen gracias a los convenios con productores, cooperativas y Pymes. Sin embargo, se articular\u00e1 con cada municipio la necesidad puntual de cada lugar.<\/p>\n<p>El director nacional, y adem\u00e1s referente de la Uni\u00f3n de Trabajadores y Trabajadoras de la Econom\u00eda Popular (Utep),\u00a0asegur\u00f3 que la feria se replicar\u00e1 en otros puntos del pa\u00eds y que se podr\u00e1 usar la Tarjeta Alimentaria para pagar las compras.<\/p>\n<p>Adem\u00e1s, el secretario de Desarrollo Humano y H\u00e1bitat, Nicol\u00e1s Gianelonni, asegur\u00f3 que trabajan con Naci\u00f3n y provincia para replicar esa feria en otras zonas de la ciudad.<\/p>\n<p>Precios de referencia<br \/>\nLa organizaci\u00f3n de la Ferias para Todes, dieron un listado con los precios de referencia que costar\u00e1n los productos. Entre ellos, puede destacarse: el pan a 60 pesos, la leche en sachet a 35, fideos a 25 pesos. Por otro lado, la garrafa social tendr\u00e1 un costo de 290 pesos. En cuanto a los pescados de mar, la merluza rondar\u00e1 los 200 pesos por kilo.<\/p>\n<h6>Fuente: sin Mordaza<\/h6>\n","protected":false},"excerpt":{"rendered":"<p>El primer lugar ser\u00e1 el Distrito Noroeste, en un mercado de barrio Ludue\u00f1a Norte.<\/p>\n","protected":false},"author":2,"featured_media":98636,"comment_status":"closed","ping_status":"closed","sticky":false,"template":"","format":"standard","meta":{"footnotes":""},"categories":[2],"tags":[10],"class_list":["post-98635","post","type-post","status-publish","format-standard","has-post-thumbnail","hentry","category-informe-municipal","tag-santa-fe"],"_links":{"self":[{"href":"http:\/\/argentinamunicipal.com.ar\/argentina\/wp-json\/wp\/v2\/posts\/98635","targetHints":{"allow":["GET"]}}],"collection":[{"href":"http:\/\/argentinamunicipal.com.ar\/argentina\/wp-json\/wp\/v2\/posts"}],"about":[{"href":"http:\/\/argentinamunicipal.com.ar\/argentina\/wp-json\/wp\/v2\/types\/post"}],"author":[{"embeddable":true,"href":"http:\/\/argentinamunicipal.com.ar\/argentina\/wp-json\/wp\/v2\/users\/2"}],"replies":[{"embeddable":true,"href":"http:\/\/argentinamunicipal.com.ar\/argentina\/wp-json\/wp\/v2\/comments?post=98635"}],"version-history":[{"count":0,"href":"http:\/\/argentinamunicipal.com.ar\/argentina\/wp-json\/wp\/v2\/posts\/98635\/revisions"}],"wp:featuredmedia":[{"embeddable":true,"href":"http:\/\/argentinamunicipal.com.ar\/argentina\/wp-json\/wp\/v2\/media\/98636"}],"wp:attachment":[{"href":"http:\/\/argentinamunicipal.com.ar\/argentina\/wp-json\/wp\/v2\/media?parent=98635"}],"wp:term":[{"taxonomy":"category","embeddable":true,"href":"http:\/\/argentinamunicipal.com.ar\/argentina\/wp-json\/wp\/v2\/categories?post=98635"},{"taxonomy":"post_tag","embeddable":true,"href":"http:\/\/argentinamunicipal.com.ar\/argentina\/wp-json\/wp\/v2\/tags?post=98635"}],"curies":[{"name":"wp","href":"https:\/\/api.w.org\/{rel}","templated":true}]}}