{"id":98696,"date":"2020-01-27T07:33:32","date_gmt":"2020-01-27T10:33:32","guid":{"rendered":"http:\/\/argentinamunicipal.com.ar\/argentina\/?p=98696"},"modified":"2020-01-27T07:33:32","modified_gmt":"2020-01-27T10:33:32","slug":"el-gobernador-de-santa-fe-recibio-al-foro-de-intendentes-y-presidentes-comunales","status":"publish","type":"post","link":"http:\/\/argentinamunicipal.com.ar\/argentina\/el-gobernador-de-santa-fe-recibio-al-foro-de-intendentes-y-presidentes-comunales\/","title":{"rendered":"El gobernador de Santa Fe recibi\u00f3 al foro de intendentes y presidentes comunales"},"content":{"rendered":"<p>El encuentro tuvo lugar esta ma\u00f1ana en Casa de Gobierno. \u201cSabemos que atr\u00e1s de los gobiernos locales est\u00e1 la gente y que la primera ventanilla de reclamo para los ciudadanos son los intendentes\u201d, asever\u00f3 el ministro de Gobierno, Justicia, Derechos Humanos y Diversidad, Esteban Borgonovo.<\/p>\n<p>El gobernador de Santa Fe, Omar Perotti, encabez\u00f3 la reuni\u00f3n con los foros de intendentes y presidentes comunales de la provincia. La actividad se desarroll\u00f3 esta ma\u00f1ana en Casa de Gobierno.<\/p>\n<p>Tras el encuentro, el ministro\u00a0Borgonovo\u00a0dialog\u00f3 con la prensa y asegur\u00f3: \u201cQueremos contribuir a solucionar los problemas; sabemos que\u00a0atr\u00e1s de los gobiernos locales est\u00e1 la gente\u00a0y que la primera ventanilla de reclamo para los ciudadanos son los intendentes\u201d.<\/p>\n<p>Asimismo, brind\u00f3 detalles de la reuni\u00f3n mantenida y cont\u00f3 que \u201cadem\u00e1s de la emergencia,\u00a0hablamos de cuestiones de mediano y largo plazo\u00a0que hacen a c\u00f3mo encarar cuatro a\u00f1os una buena administraci\u00f3n\u201d.<\/p>\n<p>En esta l\u00ednea,\u00a0Borgonovo\u00a0sostuvo que \u201cla idea es hablar absolutamente con todos\u00a0y que estas normas lleguen a la Legislatura con conocimiento de legisladores e intendentes, con la posibilidad de mejorar lo que se pueda mejorar; no es la verdad revelada, es un\u00a0conjunto de herramientas que apuntan a solucionar los problemas comunes\u201c.<\/p>\n<h6>Fuente: sin Mordaza<\/h6>\n","protected":false},"excerpt":{"rendered":"<p>El encuentro tuvo lugar esta ma\u00f1ana en Casa de Gobierno. \u201cSabemos que atr\u00e1s de los gobiernos locales est\u00e1 la gente y que la primera ventanilla de reclamo para los ciudadanos son los intendentes\u201d,<\/p>\n","protected":false},"author":2,"featured_media":98697,"comment_status":"closed","ping_status":"closed","sticky":false,"template":"","format":"standard","meta":{"footnotes":""},"categories":[4],"tags":[10],"class_list":["post-98696","post","type-post","status-publish","format-standard","has-post-thumbnail","hentry","category-informe-politico","tag-santa-fe"],"_links":{"self":[{"href":"http:\/\/argentinamunicipal.com.ar\/argentina\/wp-json\/wp\/v2\/posts\/98696","targetHints":{"allow":["GET"]}}],"collection":[{"href":"http:\/\/argentinamunicipal.com.ar\/argentina\/wp-json\/wp\/v2\/posts"}],"about":[{"href":"http:\/\/argentinamunicipal.com.ar\/argentina\/wp-json\/wp\/v2\/types\/post"}],"author":[{"embeddable":true,"href":"http:\/\/argentinamunicipal.com.ar\/argentina\/wp-json\/wp\/v2\/users\/2"}],"replies":[{"embeddable":true,"href":"http:\/\/argentinamunicipal.com.ar\/argentina\/wp-json\/wp\/v2\/comments?post=98696"}],"version-history":[{"count":0,"href":"http:\/\/argentinamunicipal.com.ar\/argentina\/wp-json\/wp\/v2\/posts\/98696\/revisions"}],"wp:featuredmedia":[{"embeddable":true,"href":"http:\/\/argentinamunicipal.com.ar\/argentina\/wp-json\/wp\/v2\/media\/98697"}],"wp:attachment":[{"href":"http:\/\/argentinamunicipal.com.ar\/argentina\/wp-json\/wp\/v2\/media?parent=98696"}],"wp:term":[{"taxonomy":"category","embeddable":true,"href":"http:\/\/argentinamunicipal.com.ar\/argentina\/wp-json\/wp\/v2\/categories?post=98696"},{"taxonomy":"post_tag","embeddable":true,"href":"http:\/\/argentinamunicipal.com.ar\/argentina\/wp-json\/wp\/v2\/tags?post=98696"}],"curies":[{"name":"wp","href":"https:\/\/api.w.org\/{rel}","templated":true}]}}