{"id":98714,"date":"2020-01-27T08:00:24","date_gmt":"2020-01-27T11:00:24","guid":{"rendered":"http:\/\/argentinamunicipal.com.ar\/argentina\/?p=98714"},"modified":"2020-01-27T08:00:24","modified_gmt":"2020-01-27T11:00:24","slug":"santa-fe-festram-pidio-la-urgente-convocatoria-a-paritarias-para-discutir-salarios","status":"publish","type":"post","link":"http:\/\/argentinamunicipal.com.ar\/argentina\/santa-fe-festram-pidio-la-urgente-convocatoria-a-paritarias-para-discutir-salarios\/","title":{"rendered":"Santa Fe: Festram pidi\u00f3 la urgente convocatoria a paritarias para discutir salarios"},"content":{"rendered":"<p>La Federaci\u00f3n de Sindicatos de Trabajadores Municipales (Festram) solicit\u00f3 al gobierno provincial que convoque a la comisi\u00f3n paritaria a los fines de abordar la problem\u00e1tica econ\u00f3mica y financiera de los municipios y comunas, \u00aby discutir la pol\u00edtica salarial 2020 sin deteriorar, m\u00e1s a\u00fan, el poder adquisitivo del salario de nuestro sector laboral\u00bb.<\/p>\n<p>La Federaci\u00f3n de Sindicatos de Trabajadores Municipales (Festram) solicit\u00f3 al gobierno provincial que convoque a la comisi\u00f3n paritaria a los fines de abordar la problem\u00e1tica econ\u00f3mica y financiera de los municipios y comunas, \u00aby discutir la pol\u00edtica salarial 2020 sin deteriorar, m\u00e1s a\u00fan, el poder adquisitivo del salario de nuestro sector laboral\u00bb.<\/p>\n<p>La entidad sindical, en noviembre del a\u00f1o pasado, ofreci\u00f3 a los intendentes y presidentes comunales un conjunto de propuestas que permiten reducir los costos laborales sin alterar el poder adquisitivo del salario y reordenar el sistema de seguridad social en su conjunto. Oportunamente se pusieron a consideraci\u00f3n diversas alternativas de tipo fiscal, coparticipaci\u00f3n y medidas de car\u00e1cter financieros para proteger a las administraciones locales de la crisis inducida por las pol\u00edticas del gobierno de (Mauricio) Macri.<\/p>\n<p>El titular de Festram, Claudio Leoni, record\u00f3 que el gremio convoc\u00f3 a un acuerdo social responsable y entiende que el \u00fanico \u00e1mbito institucional que re\u00fane a los representantes de los municipios y comunas, gobierno provincial y trabajadores, es la comisi\u00f3n paritaria. Asimismo el dirigente gremial sostuvo que \u00abde la crisis se sale con di\u00e1logo o no se sale y cuando no se sale de las crisis se entra en conflicto\u00bb.<\/p>\n<p>El incremento salarial correspondiente a noviembre (4,1 por ciento) ya se abon\u00f3 con los salarios de diciembre y su proporcional de aguinaldo. Por ello Festram ratifica que, con la liquidaci\u00f3n del 3,8 por ciento de aumento a aplicar en los haberes de enero, se finaliza con el cumplimiento del acuerdo salarial de 2019.<\/p>\n<p>El incremento del 3, 8 por ciento a abonarse con la pol\u00edtica salarial del mes en curso, surge de la variaci\u00f3n del \u00edndice del precio al consumidor, correspondiente a diciembre de 2019, porcentaje elaborado y publicado por el Instituto Provincial de Estad\u00edsticas y Censos, que arroj\u00f3 un 53,1 por ciento de inflaci\u00f3n acumulada en el per\u00edodo de enero a diciembre de 2019.<\/p>\n<p>Este procedimiento se aplica en cumplimiento al punto 4\u00ba, del acta paritaria firmada del 09 de abril del a\u00f1o pasado. Cualquier modificaci\u00f3n resulta ilegal e inconstitucional, dado el componente jur\u00eddico de la Ley 9.996.<\/p>\n<h6>Fuente: La Capital<\/h6>\n","protected":false},"excerpt":{"rendered":"<p>La Federaci\u00f3n de Sindicatos de Trabajadores Municipales (Festram) solicit\u00f3 al gobierno provincial que convoque a la comisi\u00f3n paritaria a los fines de abordar la problem\u00e1tica econ\u00f3mica y financiera de los municipios y comunas<\/p>\n","protected":false},"author":2,"featured_media":98715,"comment_status":"closed","ping_status":"closed","sticky":false,"template":"","format":"standard","meta":{"footnotes":""},"categories":[7],"tags":[10],"class_list":["post-98714","post","type-post","status-publish","format-standard","has-post-thumbnail","hentry","category-informe-sindical","tag-santa-fe"],"_links":{"self":[{"href":"http:\/\/argentinamunicipal.com.ar\/argentina\/wp-json\/wp\/v2\/posts\/98714","targetHints":{"allow":["GET"]}}],"collection":[{"href":"http:\/\/argentinamunicipal.com.ar\/argentina\/wp-json\/wp\/v2\/posts"}],"about":[{"href":"http:\/\/argentinamunicipal.com.ar\/argentina\/wp-json\/wp\/v2\/types\/post"}],"author":[{"embeddable":true,"href":"http:\/\/argentinamunicipal.com.ar\/argentina\/wp-json\/wp\/v2\/users\/2"}],"replies":[{"embeddable":true,"href":"http:\/\/argentinamunicipal.com.ar\/argentina\/wp-json\/wp\/v2\/comments?post=98714"}],"version-history":[{"count":0,"href":"http:\/\/argentinamunicipal.com.ar\/argentina\/wp-json\/wp\/v2\/posts\/98714\/revisions"}],"wp:featuredmedia":[{"embeddable":true,"href":"http:\/\/argentinamunicipal.com.ar\/argentina\/wp-json\/wp\/v2\/media\/98715"}],"wp:attachment":[{"href":"http:\/\/argentinamunicipal.com.ar\/argentina\/wp-json\/wp\/v2\/media?parent=98714"}],"wp:term":[{"taxonomy":"category","embeddable":true,"href":"http:\/\/argentinamunicipal.com.ar\/argentina\/wp-json\/wp\/v2\/categories?post=98714"},{"taxonomy":"post_tag","embeddable":true,"href":"http:\/\/argentinamunicipal.com.ar\/argentina\/wp-json\/wp\/v2\/tags?post=98714"}],"curies":[{"name":"wp","href":"https:\/\/api.w.org\/{rel}","templated":true}]}}