{"id":9874,"date":"2014-06-18T11:10:22","date_gmt":"2014-06-18T14:10:22","guid":{"rendered":"http:\/\/argentinamunicipal.com.ar\/argentina\/?p=9874"},"modified":"2014-06-18T11:10:22","modified_gmt":"2014-06-18T14:10:22","slug":"el-soyem-bariloche-busca-mejorar-las-condiciones-para-una-jubilacion-digna-en-el-futuro","status":"publish","type":"post","link":"http:\/\/argentinamunicipal.com.ar\/argentina\/el-soyem-bariloche-busca-mejorar-las-condiciones-para-una-jubilacion-digna-en-el-futuro\/","title":{"rendered":"El SOyEM Bariloche busca mejorar las condiciones \u201cpara una jubilaci\u00f3n digna en el futuro\u201d"},"content":{"rendered":"<p><a href=\"http:\/\/argentinamunicipal.com.ar\/argentina\/wp-content\/uploads\/2014\/06\/53a02502281e3.jpg\"><img loading=\"lazy\" decoding=\"async\" class=\"aligncenter size-full wp-image-9875\" src=\"http:\/\/argentinamunicipal.com.ar\/argentina\/wp-content\/uploads\/2014\/06\/53a02502281e3.jpg\" alt=\"53a02502281e3\" width=\"800\" height=\"533\" srcset=\"http:\/\/argentinamunicipal.com.ar\/argentina\/wp-content\/uploads\/2014\/06\/53a02502281e3.jpg 800w, http:\/\/argentinamunicipal.com.ar\/argentina\/wp-content\/uploads\/2014\/06\/53a02502281e3-300x199.jpg 300w\" sizes=\"auto, (max-width: 800px) 100vw, 800px\" \/><\/a><\/p>\n<p>El Sindicato de los empleados municipales buscan impulsar un reclamo com\u00fan y mejorar la jubilaci\u00f3n de los trabajadores que est\u00e1n por jubilarse.<\/p>\n<p>El Sindicato de Obreros y Empleados Municipales busca impulsar un reclamo com\u00fan y aportar mejoras a las condiciones actuales \u201cpara una jubilaci\u00f3n digna en el futuro\u201d. La iniciativa alcanzar\u00eda a unos 250 trabajadores que han prestado sus servicios en planes provinciales y Manos a la Obra y que hoy est\u00e1n contratados o en planta permanente.<\/p>\n<p>Integrantes de la Comisi\u00f3n Directiva del SOyEM Bariloche brindaron una charla informativa relacionada con \u201cla viabilidad de llevar adelante un reclamo com\u00fan de aquellos compa\u00f1eros que estuvieron a\u00f1os trabajando en negro, en planes provinciales y Manos a la Obra, que prestaron su servicio para la municipalidad y que hoy est\u00e1n en condici\u00f3n de contrato o planta permanente\u201d. En la reuni\u00f3n que se desarroll\u00f3 en el quincho \u201cPedro Riquelme\u201d el s\u00e1bado 14 de junio, se dej\u00f3 en claro que \u201cel objetivo es agotar todas las posibilidades\u201d para encontrar alguna opci\u00f3n viable para \u201cimpulsar un reclamo com\u00fan y aportar mejoras a las condiciones actuales para una jubilaci\u00f3n digna en el futuro\u201d.<\/p>\n<p>Al inicio del encuentro, la secretaria de Actas y Acci\u00f3n Social del SOyEM, Brenda Morales, explic\u00f3 el objetivo de la convocatoria y, en ese sentido, cont\u00f3 que \u201cen principio, la idea es realizar un empadronamiento para comenzar con el trabajo en relaci\u00f3n a una mejora de la jubilaci\u00f3n de aquellos compa\u00f1eros que han trabajado durante muchos a\u00f1os en los planes, porque suele pasar que cuando tienen que jubilarse, tienen muchas dificultades\u201d. Y agreg\u00f3 que, para ello, buscar\u00e1n las alternativas \u201cpara ver c\u00f3mo mejorar el sistema de jubilaciones. Ahora empezaremos a organizarlos, porque queremos que los que se jubilen, puedan cobrar lo que corresponde\u201d.<\/p>\n<p>Los referentes del sindicato comentaron que adem\u00e1s avanzan con la averiguaci\u00f3n de los antecedentes que existen en otras localidades, los cuales podr\u00edan aplicarse en los casos de los trabajadores barilochenses. Cabe resaltar que en el caso local, esta situaci\u00f3n alcanza a unos 250 trabajadores que estuvieron bajo esa condici\u00f3n.<\/p>\n<p>Para darle tranquilidad a los presentes, el tesorero del sindicato, Fernando Franz\u00e9, indic\u00f3 los pasos a seguir: primero se elaborar\u00e1 el empadronamiento, luego deber\u00e1n acercar la documentaci\u00f3n y despu\u00e9s se analizar\u00e1n las alternativas para lograr el objetivo planteado. Asimismo, resalt\u00f3 que si es necesario, el SOyEM buscar\u00e1 e investigar\u00e1 con el fin de encontrar toda la informaci\u00f3n para que se reconozcan los a\u00f1os trabajados.<\/p>\n<p>Por su parte, el revisor de cuentas del SOyEM, Marcelo Casas, insisti\u00f3 en la importancia de contar con la documentaci\u00f3n necesaria para avanzar en la propuesta de la actual conducci\u00f3n del sindicato: \u201cTenemos que contar con las herramientas para comprobar que han estado en servicio\u201d asegur\u00f3.<\/p>\n<p>En ese marco, los presentes hicieron consultas y plantearon sus dudas, y \u2013finalmente- lograron conocer m\u00e1s informaci\u00f3n acerca de la iniciativa. En ese aspecto, los dirigentes sindicales hicieron hincapi\u00e9 en que \u201cse debe entender que esto lo vamos a hacer entre todos y el sindicato es el que va a llevar adelante esta lucha\u201d.<\/p>\n<p>Por \u00faltimo, informaron que los trabajadores afectados deber\u00e1n acercar las carpetas con las fotocopias de la documentaci\u00f3n requerida al sindicato, en Gallardo 1262, a partir del lunes 16 de junio, de 8 a 15 horas. \u00c9sta incluye los recibos de sueldos, los contratos, entre otros documentos que puedan tener de esa \u00e9poca y que certifiquen los a\u00f1os que han prestado servicio a trav\u00e9s de los planes antes mencionados.<\/p>\n<h6>Fuente: Bariloche 2000<\/h6>\n","protected":false},"excerpt":{"rendered":"<p>El Sindicato de los empleados municipales buscan impulsar un reclamo com\u00fan y mejorar la jubilaci\u00f3n de los trabajadores que est\u00e1n por jubilarse. El Sindicato de Obreros y Empleados Municipales busca impulsar un reclamo com\u00fan y aportar mejoras a las condiciones actuales \u201cpara una jubilaci\u00f3n digna en el futuro\u201d. La iniciativa alcanzar\u00eda a unos 250 trabajadores<\/p>\n","protected":false},"author":2,"featured_media":9875,"comment_status":"closed","ping_status":"closed","sticky":false,"template":"","format":"standard","meta":{"footnotes":""},"categories":[7],"tags":[11],"class_list":["post-9874","post","type-post","status-publish","format-standard","has-post-thumbnail","hentry","category-informe-sindical","tag-rio-negro"],"_links":{"self":[{"href":"http:\/\/argentinamunicipal.com.ar\/argentina\/wp-json\/wp\/v2\/posts\/9874","targetHints":{"allow":["GET"]}}],"collection":[{"href":"http:\/\/argentinamunicipal.com.ar\/argentina\/wp-json\/wp\/v2\/posts"}],"about":[{"href":"http:\/\/argentinamunicipal.com.ar\/argentina\/wp-json\/wp\/v2\/types\/post"}],"author":[{"embeddable":true,"href":"http:\/\/argentinamunicipal.com.ar\/argentina\/wp-json\/wp\/v2\/users\/2"}],"replies":[{"embeddable":true,"href":"http:\/\/argentinamunicipal.com.ar\/argentina\/wp-json\/wp\/v2\/comments?post=9874"}],"version-history":[{"count":0,"href":"http:\/\/argentinamunicipal.com.ar\/argentina\/wp-json\/wp\/v2\/posts\/9874\/revisions"}],"wp:featuredmedia":[{"embeddable":true,"href":"http:\/\/argentinamunicipal.com.ar\/argentina\/wp-json\/wp\/v2\/media\/9875"}],"wp:attachment":[{"href":"http:\/\/argentinamunicipal.com.ar\/argentina\/wp-json\/wp\/v2\/media?parent=9874"}],"wp:term":[{"taxonomy":"category","embeddable":true,"href":"http:\/\/argentinamunicipal.com.ar\/argentina\/wp-json\/wp\/v2\/categories?post=9874"},{"taxonomy":"post_tag","embeddable":true,"href":"http:\/\/argentinamunicipal.com.ar\/argentina\/wp-json\/wp\/v2\/tags?post=9874"}],"curies":[{"name":"wp","href":"https:\/\/api.w.org\/{rel}","templated":true}]}}