{"id":98760,"date":"2020-01-28T07:30:14","date_gmt":"2020-01-28T10:30:14","guid":{"rendered":"http:\/\/argentinamunicipal.com.ar\/argentina\/?p=98760"},"modified":"2020-01-28T07:30:14","modified_gmt":"2020-01-28T10:30:14","slug":"vicentin-alberto-fernandez-no-quiere-que-se-pierdan-empleos","status":"publish","type":"post","link":"http:\/\/argentinamunicipal.com.ar\/argentina\/vicentin-alberto-fernandez-no-quiere-que-se-pierdan-empleos\/","title":{"rendered":"Vicent\u00edn: Alberto Fern\u00e1ndez no quiere que se pierdan empleos"},"content":{"rendered":"<p>Dijo que la situaci\u00f3n de esa empresa es \u00abmuy grave\u00bb y que \u00abtiene en claro\u00bb el panorama. \u00abHubo una irresponsabilidad enorme\u00bb, sostuvo.<\/p>\n<p>El presidente Alberto Fern\u00e1ndez calific\u00f3 como \u00abmuy grave\u00bb la crisis desatada por el default de Vicent\u00edn y asegur\u00f3 que trabaja con el directorio del Banco Naci\u00f3n para analizar posibles soluciones ya que \u00abnadie quiere que la fuente de trabajo se cierre\u00bb.<\/p>\n<p>El jefe del Estado fue consultado el domingo por la noche en una entrevista con el programa \u00abHagan algo\u00bb, que se emite por C5N, por la posibilidad de estatizar la compa\u00f1\u00eda agroexportadora que en diciembre suspendi\u00f3 pagos por u$s 1.000 millones a acreedores comerciales y financieros por \u00abestr\u00e9s financiero\u00bb. La maniobra dej\u00f3 el tendal en la cadena agrocomercial y su impacto ya se siente en la econom\u00eda de la regi\u00f3n pampeana.<\/p>\n<p>Fern\u00e1ndez no respondi\u00f3 directamente a la posibilidad de estabilizaci\u00f3n que sugirieron algunos dirigentes pol\u00edticos. Pero s\u00ed subray\u00f3 que tiene \u00aben claro\u00bb la importancia de preservar la fuente productiva y que hubo, como m\u00ednimo, una \u00abirresponsabilidad enorme\u00bb de la conducci\u00f3n empresaria y de las anteriores autoridades del Banco Naci\u00f3n por la contrataci\u00f3n de un cr\u00e9dito por $ 18 mil millones, actualmente impago.<\/p>\n<p>Bajo la conducci\u00f3n de Javier Gonz\u00e1lez Fraga, durante la administraci\u00f3n de Mauricio Macri, la entidad oficial refinanci\u00f3 y ampli\u00f3 la l\u00ednea de cr\u00e9dito que ten\u00eda Vicent\u00edn sin mayores previsiones sobre su capacidad de repago. Las nuevas autoridades del banco informaron que iniciaron un sumario interno para determinar por qu\u00e9 se saltaron controles y se desoyeron advertencias para flexibilizar las condiciones de ese financiamiento. El Naci\u00f3n es el principal acreedor financiero local de la agroexportadora y, de acuerdo a las estimaciones oficiales, la exposici\u00f3n en la que qued\u00f3 por el default afecta fuertemente el patrimonio de la casa crediticia.<\/p>\n<p>El economista Claudio Lozano, director del Banco Naci\u00f3n, difundi\u00f3 un lapidario informe sobre los pr\u00e9stamos otorgados a Vicent\u00edn y calific\u00f3 la operaci\u00f3n de \u00abuna maniobra fraudulenta\u00bb. Adem\u00e1s, advirti\u00f3 que \u00abninguno de los n\u00fameros disponibles justifica la repentina crisis financiera\u00bb de la empresa.<\/p>\n<p>En su an\u00e1lisis, concluy\u00f3 que en el proceso de endeudamiento \u00abse superaron los l\u00edmites a los que pod\u00eda acceder en funci\u00f3n de la normativa correspondiente fijada por el Ente Regulador para las Grandes Empresas\u00bb. Y agreg\u00f3 que, pese a ello, \u00absin fundamento alguno la empresa obtuvo la refinanciaci\u00f3n que requer\u00eda sin hacer las cancelaciones correspondientes para volver a encuadrar en la normativa\u00bb. El problema, dijo, empieza cuando no cancela el cr\u00e9dito, que \u00abse va refinanciando y al incrementarse la deuda lleg\u00f3 un punto donde se excedieron las normas vigentes\u00bb.<\/p>\n<p>Fern\u00e1ndez dijo que habl\u00f3 con Lozano. \u00abEl Naci\u00f3n otorg\u00f3 un cr\u00e9dito por encima de lo que objetivamente pod\u00eda hacerlo, y la empresa tom\u00f3 un cr\u00e9dito por encima de lo que pod\u00eda pagar, hay una investigaci\u00f3n en marcha\u00bb, se\u00f1al\u00f3.<\/p>\n<p>De inmediato, aclar\u00f3: \u00abTengo en claro que es una empresa muy importante, que es fuente de trabajo de mucha gente\u00bb. Respecto de las propuestas de estatizaci\u00f3n, se limit\u00f3 a decir: \u00abVamos a ver, nadie quiere que la fuente de trabajo se cierre, ahora lo que queremos ver es qu\u00e9 pas\u00f3, porque todo indica que all\u00ed cuanto menos hubo un acto de enorme irresponsabilidad\u00bb.<\/p>\n<p>Desde el bloque de diputados provinciales del Frente Social y Popular (FSP), que integra Carlos Del Frade, consideraron \u00abfundamental la intervenci\u00f3n virtuosa del Estado, principal acreedor de la empresa, para garantizar la continuidad laboral de los cientos de trabajadores y trabajadoras que desempe\u00f1an funciones directas e indirectas en sus plantas y que no se corte la cadena de pagos golpeando a los peque\u00f1os productores y los pueblos del interior\u00bb.<\/p>\n<p>\u00abPero tambi\u00e9n entendemos que es una oportunidad inmejorable para que el Estado vuelva a ser protagonista en uno de los sectores fundamentales de nuestra econom\u00eda\u00bb, se\u00f1alaron. Indicaron que el lugar que la empresa ocupa sexto mayor exportador de cereales, oleaginosas y sus derivados con una participaci\u00f3n del 9 por ciento de todo el mercado y el despacho de unos 300 barcos al a\u00f1o entre granos, harinas y aceites) ameritan la intervenci\u00f3n estatal, pero \u00abno de cualquier manera\u00bb. Es que \u00abla experiencia hist\u00f3rica del manejo de estas grandes empresas que ante situaciones similares, con el estado como acreedor, han aprovechado la oportunidad para licuar sus deudas haciendo cargo al conjunto de los argentinos y argentinas de las mismas\u00bb.<\/p>\n<p>El viernes pasado, la empresa present\u00f3 un borrador de propuesta de pagos a sus acreedores comerciales, que ser\u00eda la base de un Acuerdo Preventivo Extrajudicial (APE). Incluye una oferta de pago del 20 por ciento al contado, con un fijo de u$s 30 mil. El resto se cancelar\u00e1 en ocho a\u00f1os, que pueden ser seis para los que acceden a seguir vendiendo grano a la compa\u00f1\u00eda, para lo cual ofrecen adem\u00e1s un plus de precio por tonelada.<\/p>\n<p>De acuerdo a lo informado ayer por el portal Agrofy, un grupo de 150 damnificados reunidos en el colectivo \u00abSumando Cabezas\u00bb, presentaron reparos. \u00abNo encontr\u00e9 ning\u00fan miembro que diga que le haya parecido buena la propuesta\u00bb, consign\u00f3 Nicol\u00e1s Galli, designado como vocero del grupo, a ese sitio informativo.<\/p>\n<p>Hay varios puntos que objetan de la f\u00f3rmula presentada por Vicent\u00edn: la escasez de garant\u00edas sobre el pago del saldo de la deuda m\u00e1s all\u00e1 del primer anticipo, la falta de un plan de negocios a mediano y largo plazo y la informalidad con la que se lanz\u00f3 la propuesta.<\/p>\n<p>Es que nadie del directorio de la empresa ratific\u00f3 formalmenete esa primera propuesta difundida, que incluye la dolarizaci\u00f3n de las acreencias. \u00abParece una tomada de pelo, esto es como un banco que te hace el corralito y despu\u00e9s pretende que le sigas depositando plata\u00bb, se\u00f1al\u00f3 en estricto off un integrante de \u00abSumando Cabezas\u00bb a Agrofy.<\/p>\n<h6>Fuente: La Capital<\/h6>\n","protected":false},"excerpt":{"rendered":"<p>Dijo que la situaci\u00f3n de esa empresa es \u00abmuy grave\u00bb y que \u00abtiene en claro\u00bb el panorama. \u00abHubo una irresponsabilidad enorme\u00bb, sostuvo.<\/p>\n","protected":false},"author":2,"featured_media":98761,"comment_status":"closed","ping_status":"closed","sticky":false,"template":"","format":"standard","meta":{"footnotes":""},"categories":[2],"tags":[10],"class_list":["post-98760","post","type-post","status-publish","format-standard","has-post-thumbnail","hentry","category-informe-municipal","tag-santa-fe"],"_links":{"self":[{"href":"http:\/\/argentinamunicipal.com.ar\/argentina\/wp-json\/wp\/v2\/posts\/98760","targetHints":{"allow":["GET"]}}],"collection":[{"href":"http:\/\/argentinamunicipal.com.ar\/argentina\/wp-json\/wp\/v2\/posts"}],"about":[{"href":"http:\/\/argentinamunicipal.com.ar\/argentina\/wp-json\/wp\/v2\/types\/post"}],"author":[{"embeddable":true,"href":"http:\/\/argentinamunicipal.com.ar\/argentina\/wp-json\/wp\/v2\/users\/2"}],"replies":[{"embeddable":true,"href":"http:\/\/argentinamunicipal.com.ar\/argentina\/wp-json\/wp\/v2\/comments?post=98760"}],"version-history":[{"count":0,"href":"http:\/\/argentinamunicipal.com.ar\/argentina\/wp-json\/wp\/v2\/posts\/98760\/revisions"}],"wp:featuredmedia":[{"embeddable":true,"href":"http:\/\/argentinamunicipal.com.ar\/argentina\/wp-json\/wp\/v2\/media\/98761"}],"wp:attachment":[{"href":"http:\/\/argentinamunicipal.com.ar\/argentina\/wp-json\/wp\/v2\/media?parent=98760"}],"wp:term":[{"taxonomy":"category","embeddable":true,"href":"http:\/\/argentinamunicipal.com.ar\/argentina\/wp-json\/wp\/v2\/categories?post=98760"},{"taxonomy":"post_tag","embeddable":true,"href":"http:\/\/argentinamunicipal.com.ar\/argentina\/wp-json\/wp\/v2\/tags?post=98760"}],"curies":[{"name":"wp","href":"https:\/\/api.w.org\/{rel}","templated":true}]}}