{"id":98763,"date":"2020-01-28T07:33:40","date_gmt":"2020-01-28T10:33:40","guid":{"rendered":"http:\/\/argentinamunicipal.com.ar\/argentina\/?p=98763"},"modified":"2020-01-28T07:33:40","modified_gmt":"2020-01-28T10:33:40","slug":"alquileres-crece-la-mora-en-los-pagos-y-la-rescision-de-contratos","status":"publish","type":"post","link":"http:\/\/argentinamunicipal.com.ar\/argentina\/alquileres-crece-la-mora-en-los-pagos-y-la-rescision-de-contratos\/","title":{"rendered":"Alquileres: crece la mora en los pagos y la rescisi\u00f3n de contratos"},"content":{"rendered":"<p>Son los temas que m\u00e1s se consultan en la Defensor\u00eda del Inquilino. La entidad public\u00f3 un instructivo a tener en cuenta antes de firmar cualquier acuerdo.<\/p>\n<p>Las condiciones de rescisi\u00f3n anticipada de contratos y los intereses por mora en el pago son los temas que desvelan a quienes alquilan una vivienda o un comercio. \u00abHay una fuerte naturalizaci\u00f3n de las pr\u00e1cticas abusivas por parte del mercado inmobiliario y un desconocimiento de los derechos que asisten a los inquilinos\u00bb, resumi\u00f3 el referente de la Defensor\u00eda del Inquilino, Sebasti\u00e1n Artola. El organismo public\u00f3 una serie de consejos a tener en cuenta a la hora de firmar un contrato.<\/p>\n<p>Las consultas que se reciben en la Defensor\u00eda no se toman vacaciones. \u00abSon meses muy activos, en los cuales se vencen o se inician muchos contratos\u00bb, sostuvo el referente de Rosario para la Victoria, agrupaci\u00f3n que lleva adelante el organismo encargado de hacer valer los derechos de los inquilinos desde el a\u00f1o 2016.<\/p>\n<p>Entre las problem\u00e1ticas que llegan a la Defensor\u00eda, la principal demanda tiene que ver con la imposibilidad de pago del alquiler. Detr\u00e1s vienen consultas por el monto de los aumentos de los alquileres y expensas y, finalmente, el problema en torno al estado de los inmuebles.<\/p>\n<p>Para Artola, este orden de preocupaciones es un fiel reflejo de la crisis econ\u00f3mica. \u00abHist\u00f3ricamente la mayor\u00eda de las consultas ten\u00eda que ver con el estado de los departamentos o de los servicios; ahora la situaci\u00f3n es m\u00e1s cr\u00edtica\u00bb, afirma.<\/p>\n<p>Ante la imposibilidad de hacer frente al pago del alquiler, surgen las consultas por los intereses que se cobran en caso de atraso, en muchos casos diarios y calculados sobre un 5 o un 10 por ciento del monto del alquiler por cada d\u00eda de mora.<\/p>\n<p>\u00abLa total desregulaci\u00f3n del mercado y la falta de herramientas que defiendan a la inquilinos explican esta realidad\u00bb, sostuvo Artola y consider\u00f3 que \u00abpor eso, es tan importante leer detenidamente el contrato y ver que no haya cl\u00e1usulas donde uno termine cediendo derechos o haci\u00e9ndose cargo de cosas que no corresponden a los inquilinos\u00bb.<\/p>\n<p>Punto por punto<\/p>\n<p>Por eso, la entidad lanz\u00f3 un instructivo con una decena de consejos a la hora de firmar un contrato de alquiler.<\/p>\n<p>Entre otros, la Defensor\u00eda advierte que los contratos tienen como plazo m\u00ednimo dos a\u00f1os.<\/p>\n<p>Antes de la firma, si el propietario exige un adelanto, hay que reclamar un comprobante que diga \u00abse\u00f1a\u00bb y no \u00abreserva\u00bb.<\/p>\n<p>La comisi\u00f3n de la inmobiliaria no puede superar el 5 por ciento del contrato de alquiler. Los gastos extras est\u00e1n relacionados con averiguaci\u00f3n de garant\u00edas, sellado provincial y dep\u00f3sito de garant\u00eda.<\/p>\n<p>El dep\u00f3sito de garant\u00eda no puede superar el equivalente a dos meses de alquiler. Y, antes de la mudanza, se sugiere realizar un inventario del estado en el que se encuentran las instalaciones al momento de ingresar a la vivienda y hacer firmar el escrito por el propietario o inmobiliaria.<\/p>\n<p>Adem\u00e1s, recuerda que las expensas deben diferenciar entre gastos \u00abordinarios\u00bb y \u00abextraordinarios\u00bb (seg\u00fan la Ordenanza Municipal N\u00ba 9821). El inquilino debe afrontar s\u00f3lo el pago de las expensas ordinarias.<\/p>\n<p>En tanto, el pago de los servicios (luz, agua, gas) corresponden al inquilino; tambi\u00e9n la TGI (Tasa General de Inmuebles). Mientras que al propietario corresponden los impuestos que gravan su propiedad, tal como API.<\/p>\n<p>En cuanto a los problemas constructivos o reparaciones que merezcan los inmuebles, la Defensor\u00eda indica que el inquilino s\u00f3lo debe hacerse cargo de los arreglos que surjan de su responsabilidad directa, lo cual no incluye el deterioro normal de la vivienda. Si el propietario no lo hace en un plazo prudente, el inquilino puede realizar el arreglo y descontar el gasto del pago del alquiler.<\/p>\n<p>El inquilino puede rescindir anticipadamente el contrato a partir de los 6 meses, pagando una indemnizaci\u00f3n de un mes y medio de alquiler durante el primer a\u00f1o, y de un mes en el segundo.<\/p>\n<p>Por una ley nacional<\/p>\n<p>El referente de la Defensor\u00eda del Inquilino, Sebasti\u00e1n Artola, volvi\u00f3 a reclamar que finalmente el Senado nacional apruebe la nueva ley de alquileres. El proyecto ya cuenta con media sanci\u00f3n en Diputados desde el a\u00f1o pasado. Para Artola, \u201ces un paso m\u00e1s que importante para generar un marco de reglas m\u00e1s equilibradas, transparentes y justas para todos\u201d. La Defensor\u00eda atiende consultas a trav\u00e9s de la l\u00ednea de whatsapp 341-6522088, de lunes a viernes de 9 a 13.<\/p>\n<h6>Fuente: La Capital<\/h6>\n","protected":false},"excerpt":{"rendered":"<p>Son los temas que m\u00e1s se consultan en la Defensor\u00eda del Inquilino. La entidad public\u00f3 un instructivo a tener en cuenta antes de firmar cualquier acuerdo.<\/p>\n","protected":false},"author":2,"featured_media":98764,"comment_status":"closed","ping_status":"closed","sticky":false,"template":"","format":"standard","meta":{"footnotes":""},"categories":[5],"tags":[10],"class_list":["post-98763","post","type-post","status-publish","format-standard","has-post-thumbnail","hentry","category-informe-economico","tag-santa-fe"],"_links":{"self":[{"href":"http:\/\/argentinamunicipal.com.ar\/argentina\/wp-json\/wp\/v2\/posts\/98763","targetHints":{"allow":["GET"]}}],"collection":[{"href":"http:\/\/argentinamunicipal.com.ar\/argentina\/wp-json\/wp\/v2\/posts"}],"about":[{"href":"http:\/\/argentinamunicipal.com.ar\/argentina\/wp-json\/wp\/v2\/types\/post"}],"author":[{"embeddable":true,"href":"http:\/\/argentinamunicipal.com.ar\/argentina\/wp-json\/wp\/v2\/users\/2"}],"replies":[{"embeddable":true,"href":"http:\/\/argentinamunicipal.com.ar\/argentina\/wp-json\/wp\/v2\/comments?post=98763"}],"version-history":[{"count":0,"href":"http:\/\/argentinamunicipal.com.ar\/argentina\/wp-json\/wp\/v2\/posts\/98763\/revisions"}],"wp:featuredmedia":[{"embeddable":true,"href":"http:\/\/argentinamunicipal.com.ar\/argentina\/wp-json\/wp\/v2\/media\/98764"}],"wp:attachment":[{"href":"http:\/\/argentinamunicipal.com.ar\/argentina\/wp-json\/wp\/v2\/media?parent=98763"}],"wp:term":[{"taxonomy":"category","embeddable":true,"href":"http:\/\/argentinamunicipal.com.ar\/argentina\/wp-json\/wp\/v2\/categories?post=98763"},{"taxonomy":"post_tag","embeddable":true,"href":"http:\/\/argentinamunicipal.com.ar\/argentina\/wp-json\/wp\/v2\/tags?post=98763"}],"curies":[{"name":"wp","href":"https:\/\/api.w.org\/{rel}","templated":true}]}}