{"id":98877,"date":"2020-01-30T07:22:21","date_gmt":"2020-01-30T10:22:21","guid":{"rendered":"http:\/\/argentinamunicipal.com.ar\/argentina\/?p=98877"},"modified":"2020-01-30T07:22:21","modified_gmt":"2020-01-30T10:22:21","slug":"vicentin-800-trabajadores-a-la-espera-de-resoluciones-judiciales","status":"publish","type":"post","link":"http:\/\/argentinamunicipal.com.ar\/argentina\/vicentin-800-trabajadores-a-la-espera-de-resoluciones-judiciales\/","title":{"rendered":"Vicent\u00edn: 800 trabajadores a la espera de resoluciones judiciales"},"content":{"rendered":"<p>Los sucesos relacionados a la firma Vicent\u00edn hacen suponer una inminente convocatoria de acreedores por parte de la empresa. Tendr\u00eda lugar al finalizar las ferias de enero en el Poder Judicial.<\/p>\n<p>El conflicto econ\u00f3mico del grupo Vicent\u00edn comenz\u00f3 a recorrer horas claves. A casi 60 d\u00edas de anunciar su \u201cstrees financiero\u201d, no se vislumbr\u00f3 ninguna manera de evitar una convocatoria de acreedores o el quiebre de la empresa.<\/p>\n<p>El 3 de febrero es el primer d\u00eda h\u00e1bil en la justicia.\u00a0No se descarta que deban afrontar un pedido de quiebra o invitar a la mesa a los acreedores, como \u00faltimas alternativas posibles.<\/p>\n<p>El sector empresario recuerda el caso de la Refiner\u00eda San Lorenzo, la cu\u00e1l fue cerrada por intervenci\u00f3n judicial. En ese caso, m\u00e1s de 300 trabajadores quedaron en la calle.\u00a0Esto evitar\u00eda cualquier posibilidad de volver aponer en marcha la industria.<\/p>\n<p>Es notable la actitud pasiva que sostiene el Sindicato de Aceiteros.\u00a0Se especula que es debido a que sus trabajadores a\u00fan cobran el sueldo. Sin embargo, no percibieron aumentos ni bonos de ning\u00fan tipo. Esta postura sindical no estar\u00eda generando la presi\u00f3n necesaria para que los actores correspondientes tomen cartas en el asunto y presenten posibles soluciones.<\/p>\n<p>La poblaci\u00f3n del Cord\u00f3n Industrial no parece visualizar la gravedad del asunto. Ponen a menos la cuesti\u00f3n, porque no creen que una empresa de tal envergadura y trayectoria termine desmoron\u00e1ndose.<\/p>\n<p>En medio de tantos problemas, Vicentin comenz\u00f3 a negociar con un grupo de empresas, la compra de 100 mil toneladas de girasol. Esta operaci\u00f3n podr\u00eda aminorar por el momento la situaci\u00f3n, dado que quedar\u00edan cubiertos los salarios y el pago definitivo a proveedores locales.\u00a0Para m\u00e1s tensiones, la operaci\u00f3n cay\u00f3 por cuestiones t\u00e9cnicas.\u00a0Se deber\u00e1 esperar a ver si la negociaci\u00f3n logra recuperarse.<\/p>\n<h6>Fuente: Sin Mordaza<\/h6>\n","protected":false},"excerpt":{"rendered":"<p>Los sucesos relacionados a la firma Vicent\u00edn hacen suponer una inminente convocatoria de acreedores por parte de la empresa. Tendr\u00eda lugar al finalizar las ferias de enero en el Poder Judicial.<\/p>\n","protected":false},"author":2,"featured_media":98878,"comment_status":"closed","ping_status":"closed","sticky":false,"template":"","format":"standard","meta":{"footnotes":""},"categories":[2],"tags":[10],"class_list":["post-98877","post","type-post","status-publish","format-standard","has-post-thumbnail","hentry","category-informe-municipal","tag-santa-fe"],"_links":{"self":[{"href":"http:\/\/argentinamunicipal.com.ar\/argentina\/wp-json\/wp\/v2\/posts\/98877","targetHints":{"allow":["GET"]}}],"collection":[{"href":"http:\/\/argentinamunicipal.com.ar\/argentina\/wp-json\/wp\/v2\/posts"}],"about":[{"href":"http:\/\/argentinamunicipal.com.ar\/argentina\/wp-json\/wp\/v2\/types\/post"}],"author":[{"embeddable":true,"href":"http:\/\/argentinamunicipal.com.ar\/argentina\/wp-json\/wp\/v2\/users\/2"}],"replies":[{"embeddable":true,"href":"http:\/\/argentinamunicipal.com.ar\/argentina\/wp-json\/wp\/v2\/comments?post=98877"}],"version-history":[{"count":0,"href":"http:\/\/argentinamunicipal.com.ar\/argentina\/wp-json\/wp\/v2\/posts\/98877\/revisions"}],"wp:featuredmedia":[{"embeddable":true,"href":"http:\/\/argentinamunicipal.com.ar\/argentina\/wp-json\/wp\/v2\/media\/98878"}],"wp:attachment":[{"href":"http:\/\/argentinamunicipal.com.ar\/argentina\/wp-json\/wp\/v2\/media?parent=98877"}],"wp:term":[{"taxonomy":"category","embeddable":true,"href":"http:\/\/argentinamunicipal.com.ar\/argentina\/wp-json\/wp\/v2\/categories?post=98877"},{"taxonomy":"post_tag","embeddable":true,"href":"http:\/\/argentinamunicipal.com.ar\/argentina\/wp-json\/wp\/v2\/tags?post=98877"}],"curies":[{"name":"wp","href":"https:\/\/api.w.org\/{rel}","templated":true}]}}