{"id":99040,"date":"2020-02-06T05:26:22","date_gmt":"2020-02-06T08:26:22","guid":{"rendered":"http:\/\/argentinamunicipal.com.ar\/argentina\/?p=99040"},"modified":"2020-02-05T20:48:29","modified_gmt":"2020-02-05T23:48:29","slug":"el-drama-del-desempleo-se-agrava-en-rosario","status":"publish","type":"post","link":"http:\/\/argentinamunicipal.com.ar\/argentina\/el-drama-del-desempleo-se-agrava-en-rosario\/","title":{"rendered":"El drama del desempleo se agrava en Rosario"},"content":{"rendered":"<p>La tasa de desocupaci\u00f3n en Rosario subi\u00f3 al 14,3 por ciento durante el \u00faltimo trimestre de 2019.<\/p>\n<p>La tasa de desocupaci\u00f3n en Rosario subi\u00f3 al 14,3 por ciento durante el \u00faltimo trimestre de 2019, de acuerdo a la \u00faltima medici\u00f3n que realizaron el Sindicato de Trabajadores Judiciales de Santa Fe (Sitraju) y el Centro de Estudios Scalabrini Ortiz. La misma encuesta arroj\u00f3 que la subocupaci\u00f3n lleg\u00f3 al 15,7 por ciento.<\/p>\n<p>El informe difundido por el Observatorio del Mercado de Trabajo, que coordina Cristian Recchio, en el \u00faltimo a\u00f1o la cantidad de desempleados aument\u00f3 de 70.883 a 75.410 en la ciudad de Rosario. Es decir que hay 4.527 personas m\u00e1s que se encuentran sin empleo y lo buscan activamente.<\/p>\n<p>\u00abEn dos a\u00f1os el deterioro de la situaci\u00f3n laboral de los rosarinos fue abrupta, el desempleo se increment\u00f3 en cuatro porcentuales entre el cuarto trimestre de 2017 y el final de 2019\u00bb, se\u00f1al\u00f3 el informe.<\/p>\n<p>El desempleo femenino es del 15,2 por ciento contra el de los hombres, que es de 13,48 por ciento. Los j\u00f3venes tienen mayores dificultades al momento de encontrar un empleo. El desempleo en j\u00f3venes de hasta 29 a\u00f1os alcanz\u00f3 casi el 20 por ciento en el cuarto trimestre de 2019, casi 6 puntos por encima del promedio.<\/p>\n<p>Seg\u00fan la medici\u00f3n, la precariedad laboral est\u00e1 en niveles alarmantes: el 47 por ciento de los trabajadores rosarinos no realizan aportes jubilatorios.<\/p>\n<p>Casi el 95 por ciento de los desocupados est\u00e1n buscando trabajo hace m\u00e1ximo 6 meses. El 39 por ciento de los encuestados piensa que la situaci\u00f3n durante el pr\u00f3ximo a\u00f1o ser\u00e1 mala o muy mala, mientras que el 28 por ciento piensa que ser\u00e1 buena o muy buena.<\/p>\n<p>La medici\u00f3n de Sitraju y el Ceso comenz\u00f3 a realizarse en 2017 y se basa en 469 encuestas trimestrales realizadas. Pese a que el indicador no es directamente comparable con el que elabora el Indec, la tendencia hacia el deterioro de la situaci\u00f3n del empleo en Rosario es tambi\u00e9n confirmada por el Instituto oficial.<\/p>\n<p>En la actualidad aproximadamente 75.410 personas est\u00e1n buscando activamente trabajo, es decir 4.527 personas m\u00e1s que al a\u00f1o 2018 y 26.560 personas m\u00e1s que en 2017. El 95 por ciento de los desempleados observados est\u00e1n buscando activamente empleo desde hace menos de 6 meses.<\/p>\n<p>La tasa de desocupaci\u00f3n para los j\u00f3venes residentes de Rosario de hasta 29 a\u00f1os es 20,3 por ciento, seis puntos superior a la del conjunto.<\/p>\n<h6>Fuente : La Capital<\/h6>\n","protected":false},"excerpt":{"rendered":"<p>La tasa de desocupaci\u00f3n en Rosario subi\u00f3 al 14,3 por ciento durante el \u00faltimo trimestre de 2019.<br \/>\n\u00a0<\/p>\n","protected":false},"author":2,"featured_media":99041,"comment_status":"closed","ping_status":"closed","sticky":false,"template":"","format":"standard","meta":{"footnotes":""},"categories":[2],"tags":[10],"class_list":["post-99040","post","type-post","status-publish","format-standard","has-post-thumbnail","hentry","category-informe-municipal","tag-santa-fe"],"_links":{"self":[{"href":"http:\/\/argentinamunicipal.com.ar\/argentina\/wp-json\/wp\/v2\/posts\/99040","targetHints":{"allow":["GET"]}}],"collection":[{"href":"http:\/\/argentinamunicipal.com.ar\/argentina\/wp-json\/wp\/v2\/posts"}],"about":[{"href":"http:\/\/argentinamunicipal.com.ar\/argentina\/wp-json\/wp\/v2\/types\/post"}],"author":[{"embeddable":true,"href":"http:\/\/argentinamunicipal.com.ar\/argentina\/wp-json\/wp\/v2\/users\/2"}],"replies":[{"embeddable":true,"href":"http:\/\/argentinamunicipal.com.ar\/argentina\/wp-json\/wp\/v2\/comments?post=99040"}],"version-history":[{"count":0,"href":"http:\/\/argentinamunicipal.com.ar\/argentina\/wp-json\/wp\/v2\/posts\/99040\/revisions"}],"wp:featuredmedia":[{"embeddable":true,"href":"http:\/\/argentinamunicipal.com.ar\/argentina\/wp-json\/wp\/v2\/media\/99041"}],"wp:attachment":[{"href":"http:\/\/argentinamunicipal.com.ar\/argentina\/wp-json\/wp\/v2\/media?parent=99040"}],"wp:term":[{"taxonomy":"category","embeddable":true,"href":"http:\/\/argentinamunicipal.com.ar\/argentina\/wp-json\/wp\/v2\/categories?post=99040"},{"taxonomy":"post_tag","embeddable":true,"href":"http:\/\/argentinamunicipal.com.ar\/argentina\/wp-json\/wp\/v2\/tags?post=99040"}],"curies":[{"name":"wp","href":"https:\/\/api.w.org\/{rel}","templated":true}]}}