{"id":99158,"date":"2020-02-07T04:14:50","date_gmt":"2020-02-07T07:14:50","guid":{"rendered":"http:\/\/argentinamunicipal.com.ar\/argentina\/?p=99158"},"modified":"2020-02-07T07:18:57","modified_gmt":"2020-02-07T10:18:57","slug":"nacion-culminara-las-obras-del-monumento-a-la-bandera","status":"publish","type":"post","link":"http:\/\/argentinamunicipal.com.ar\/argentina\/nacion-culminara-las-obras-del-monumento-a-la-bandera\/","title":{"rendered":"Naci\u00f3n culminar\u00e1 las obras del Monumento a la Bandera"},"content":{"rendered":"<p>As\u00ed lo asegur\u00f3 ayer el ministro de Infraestructura, Gabriel Katopodis, quien firm\u00f3 un compromiso con el gobernador.<\/p>\n<p>El ministro de Obras P\u00fablicas de la Naci\u00f3n, Gabriel Katopodis, se comprometi\u00f3 ayer a culminar las obras de refacci\u00f3n del Monumento Nacional a la Bandera. El anuncio lleg\u00f3 en el marco de un encuentro que mantuvo con el gobernador, Omar Perotti, y funcionarios santafesinos, presidentes comunales y legisladores; y en el marco del cual se analiz\u00f3 la marcha de trabajos prioritarios para la provincia .<\/p>\n<p>\u00abVamos a hacer todas las tareas de mantenimiento y de puesta en valor. Nos vamos a sentar con las autoridades locales para poder conformar una agenda y que tengamos ese monumento en las condiciones que lo tenemos que tener\u00bb, asegur\u00f3 Katopodis durante el c\u00f3nclave.<\/p>\n<p>En tal sentido, destac\u00f3 que \u00abhabr\u00e1 una primera etapa de obras, que ser\u00e1 hasta el 20 de junio, y a partir de esa fecha se iniciar\u00e1 la segunda etapa\u00bb.<\/p>\n<p>Por su parte, el gobernador destac\u00f3 que el hecho de \u00abasumir plenamente la decisi\u00f3n de finalizar las obras en nuestro Monumento a la Bandera es algo que queremos agradecer puntualmente y va a permitir que el 20 de junio vuelva a ser un festejo para todos los santafesinos, los rosarinos y los argentinos, en el lugar donde siempre debimos celebrar nuestra bandera\u00bb.<\/p>\n<p>\u00abEste encuentro es la concreci\u00f3n de una jornada de trabajo que tiene antecedentes desde los primeros d\u00edas de gesti\u00f3n. Hoy analizamos con intendentes, presidentes comunales y legisladores las principales obras nacionales en ejecuci\u00f3n paralizadas y que se deben retomar, y los trabajos futuros a realizar\u00bb, se\u00f1al\u00f3 adem\u00e1s Perotti al t\u00e9rmino del encuentro.<\/p>\n<p>El gobernador remarc\u00f3 tambi\u00e9n la importancia de \u00abla aprobaci\u00f3n de la ley de necesidad p\u00fablica\u00bb, ala que defini\u00f3 como \u00abun elemento para empezar a resolver c\u00f3mo podemos continuar obras, c\u00f3mo podemos seguir sosteniendo ritmos de trabajo y c\u00f3mo podemos sostener empleo\u00bb.<\/p>\n<p>\u00abEsperamos que haya una conjunci\u00f3n de esfuerzos para que podamos superar este momento adverso de la mejor manera\u00bb, remarc\u00f3 Perotti, y agreg\u00f3: \u00abLa provincia atraviesa una situaci\u00f3n muy dif\u00edcil, pero la vamos a sacar adelante. Hoy nos toca ponerla de pie\u00bb.<\/p>\n<p>La agenda provincial<\/p>\n<p>En el marco del encuentro, Katopodis remarc\u00f3 adem\u00e1s que \u00aben esta provincia, las prioridades de obras que aparecen muy marcadas son la ruta 34, la ruta 33, la ruta 11, las obras vinculadas a la laguna de Melincu\u00e9 y del Canal Vila-Culul\u00fa\u00bb.<\/p>\n<p>Tambi\u00e9n puso de relieve trabajos que est\u00e1n hoy paralizados, como es el acueducto en Santa Fe, las obras cloacales en la ciudad capital y Villa Constituci\u00f3n y el acueducto en San Lorenzo. Y se comprometi\u00f3 a \u00abpoder avanzar r\u00e1pidamente con una primera etapa que permita la utilizaci\u00f3n de la unidad penitenciaria de Coronda\u00bb.<\/p>\n<p>En otro orden, dijo que est\u00e1n en carpeta \u00abproyectos vinculados a la Universidad Nacional de Rosario (UNR), que tambi\u00e9n han sido marcados como prioridades\u00bb.<\/p>\n<p>\u00abTenemos una agenda intensa de trabajo que tiene que permitirnos poner en marcha la obra p\u00fablica en Santa Fe, acompa\u00f1ar las prioridades que defina el gobernador y poder empezar a generar desde la obra p\u00fablica una palanca que mejore el desarrollo y reactive la econom\u00eda de nuestro pa\u00eds\u00bb, remarc\u00f3 el ministro de Obras P\u00fablicas de la Naci\u00f3n.<\/p>\n<p>A su turno, la ministra de Infraestructura, Servicios P\u00fablicos y H\u00e1bitat de Santa Fe, Silvina Frana, agradeci\u00f3 la presencia de los funcionarios nacionales \u00abque en nombre del presidente de la Naci\u00f3n vienen a recuperar aquello que la provincia hab\u00eda perdido: el trabajo conjunto entre la Naci\u00f3n y la provincia\u00bb.<\/p>\n<p>En tal sentido, record\u00f3 que \u00aben los primeros d\u00edas de enero, cuando con el gobernador visitamos al ministro, se empezaron a verificar qu\u00e9 obras estaban en marcha, qu\u00e9 faltaba por hacer y cu\u00e1les eran las urgencias\u00bb.<\/p>\n<p>El convenio firmado ayer con el gobierno nacional tiene por objetivo aunar esfuerzos y brindar colaboraci\u00f3n mutua al mejoramiento de las condiciones para los habitantes de los pueblos y ciudades que conforman la provincia.<\/p>\n<p>Para tal fin, se conformar\u00e1 una unidad de gesti\u00f3n con el prop\u00f3sito de compartir diagn\u00f3sticos, promover el monitoreo ciudadano de la obra p\u00fablica y facilitar \u00e1mbitos de di\u00e1logo referidos a la integridad y la \u00e9tica p\u00fablica. En ese marco, se prev\u00e9 expresamente la posibilidad de recurrir al financiamiento por parte del gobierno nacional, provincial y\/o de organismos internacionales.<\/p>\n<h6>Fuente: La Capital<\/h6>\n","protected":false},"excerpt":{"rendered":"<p>As\u00ed lo asegur\u00f3 ayer el ministro de Infraestructura, Gabriel Katopodis, quien firm\u00f3 un compromiso con el gobernador.<\/p>\n","protected":false},"author":2,"featured_media":99159,"comment_status":"closed","ping_status":"closed","sticky":false,"template":"","format":"standard","meta":{"footnotes":""},"categories":[2],"tags":[10],"class_list":["post-99158","post","type-post","status-publish","format-standard","has-post-thumbnail","hentry","category-informe-municipal","tag-santa-fe"],"_links":{"self":[{"href":"http:\/\/argentinamunicipal.com.ar\/argentina\/wp-json\/wp\/v2\/posts\/99158","targetHints":{"allow":["GET"]}}],"collection":[{"href":"http:\/\/argentinamunicipal.com.ar\/argentina\/wp-json\/wp\/v2\/posts"}],"about":[{"href":"http:\/\/argentinamunicipal.com.ar\/argentina\/wp-json\/wp\/v2\/types\/post"}],"author":[{"embeddable":true,"href":"http:\/\/argentinamunicipal.com.ar\/argentina\/wp-json\/wp\/v2\/users\/2"}],"replies":[{"embeddable":true,"href":"http:\/\/argentinamunicipal.com.ar\/argentina\/wp-json\/wp\/v2\/comments?post=99158"}],"version-history":[{"count":0,"href":"http:\/\/argentinamunicipal.com.ar\/argentina\/wp-json\/wp\/v2\/posts\/99158\/revisions"}],"wp:featuredmedia":[{"embeddable":true,"href":"http:\/\/argentinamunicipal.com.ar\/argentina\/wp-json\/wp\/v2\/media\/99159"}],"wp:attachment":[{"href":"http:\/\/argentinamunicipal.com.ar\/argentina\/wp-json\/wp\/v2\/media?parent=99158"}],"wp:term":[{"taxonomy":"category","embeddable":true,"href":"http:\/\/argentinamunicipal.com.ar\/argentina\/wp-json\/wp\/v2\/categories?post=99158"},{"taxonomy":"post_tag","embeddable":true,"href":"http:\/\/argentinamunicipal.com.ar\/argentina\/wp-json\/wp\/v2\/tags?post=99158"}],"curies":[{"name":"wp","href":"https:\/\/api.w.org\/{rel}","templated":true}]}}