{"id":99290,"date":"2020-02-11T07:14:55","date_gmt":"2020-02-11T10:14:55","guid":{"rendered":"http:\/\/argentinamunicipal.com.ar\/argentina\/?p=99290"},"modified":"2020-02-11T07:14:55","modified_gmt":"2020-02-11T10:14:55","slug":"son-116-familias-las-que-ocupan-los-terrenos-en-el-norte-de-la-ciudad-de-santa-fe","status":"publish","type":"post","link":"http:\/\/argentinamunicipal.com.ar\/argentina\/son-116-familias-las-que-ocupan-los-terrenos-en-el-norte-de-la-ciudad-de-santa-fe\/","title":{"rendered":"Son 116 familias las que ocupan los terrenos en el norte de la ciudad de Santa Fe"},"content":{"rendered":"<p>Lo confirm\u00f3 la Municipalidad. La usurpaci\u00f3n comenz\u00f3 el jueves pasado y eso se consolid\u00f3 durante el fin de semana. Las parcelas est\u00e1n ubicadas entre Facundo Zuvir\u00eda (atr\u00e1s del CIC), Azcu\u00e9naga, 9 de Julio y Matheu.<\/p>\n<p>El jueves por la noche se instalaron las primeras familias. Luego fueron llegando m\u00e1s personas y este lunes ya hay 116 familias en los terrenos fiscales nacionales que est\u00e1n delimitados por las calles Facundo Zuvir\u00eda (atr\u00e1s del CIC), Azcu\u00e9naga, 9 de Julio y Matheu.<\/p>\n<p>Este lunes, a media ma\u00f1ana,\u00a0vecinos del barrio y feriantes del trueque que se realiza en los terrenos que est\u00e1n detr\u00e1s del CIC realizaron una protesta con quema de cubiertas y corte de tr\u00e1nsito\u00a0en protesta por la usurpaci\u00f3n que se consolid\u00f3 durante el fin de semana. Mientras varios funcionarios esperaban la acci\u00f3n de la Justicia Federal,\u00a0el fiscal Walter Rodr\u00edguez, en un escrito, deslind\u00f3 responsabilidades al marcar las diferencias entre las tareas de prevenci\u00f3n de un delito \u2013que corresponden al Poder Ejecutivo\u2013 y las de investigaci\u00f3n del mismo una vez ya consumado, que s\u00ed le corresponden a la Justicia.<\/p>\n<p>Mariano Granato, secretario de Integraci\u00f3n y Econom\u00eda Social municipal, dijo en UNO en la Radio que los terrenos son tres manzanas que corresponden a Vialidad Nacional y que \u00abla Municipalidad no tiene poder de polic\u00eda, ni tiene capacidad de determinar si se comete un delito o no\u00bb. Por lo tanto, el municipio hizo las presentaciones correspondientes ante los distintos niveles de la justicia, tanto provincial como federal, \u00abpara que ordene la cuesti\u00f3n jur\u00eddica de esa ocupaci\u00f3n\u00bb.<\/p>\n<p>Por otra parte, Granato dijo que desde la Municipalidad se reunieron con los puesteros del trueque para \u00abllevarles tranquilidad\u00bb y que la pol\u00edtica municipal \u00abes mejorar las condiciones de trabajo\u00bb que tienen. Adem\u00e1s, se comprometi\u00f3 a que\u00a0la Municipalidad va a garantizar el espacio de comercializaci\u00f3n que tienen los viernes y domingos en ese lugar.<\/p>\n<p>Para eso, Grananto explic\u00f3 que se buscar\u00e1 recuperar el terreno que est\u00e1 en la manzana del CIC de Facundo Zuvir\u00eda, que es donde siempre se hace la feria y que, de lo contrario, se lo garantizar\u00e1 en otro lugar.<\/p>\n<p>Eso fue lo primero que se acord\u00f3 en\u00a0una reuni\u00f3n que se realiz\u00f3 este lunes por la tarde y que fue convocada por el intendente\u00a0Emilio Jat\u00f3n\u00a0y de la que participaron el fiscal regional, Carlos Arietti, la polic\u00eda, los ministerios de\u00a0Seguridad, Infraestructura y H\u00e1bitat y el de Desarrollo Social de la provincia\u00a0para atender la problem\u00e1tica.<\/p>\n<p>\u00abEso es lo urgente\u00bb, dijo Granato, que asegur\u00f3 que desde este martes por la ma\u00f1ana se va a atender \u00abla cuesti\u00f3n social siempre y cuando no haya una orden judicial de desalojo, que eso ir\u00e1 por otro carril\u00bb.<\/p>\n<p>El funcionario confirm\u00f3 que\u00a0a partir del relevamiento que hizo el Municipio esta ma\u00f1ana se detect\u00f3 que en el lugar hay 116 familias ocupando los terrenos\u00a0y que esas personas tienen problemas que se van a ir atendiendo, pero que\u00a0\u00abel fiscal federal y el juez son quienes van a determinar si ocupar un terreno fiscal es delito o no\u00bb.<\/p>\n<p>\u00abSi la Justicia ordena un desalojo vamos a estar ah\u00ed para que eso sea de la mejor manera posible\u00bb, afirm\u00f3 y asegur\u00f3 que\u00a0los casos de las familias es diferente y que hay algunos que son m\u00e1s complejos porque hoy no tienen d\u00f3nde vivir. Vamos a buscar soluciones de mediano plazo porque es imposible pensar que de un d\u00eda para el otro van a aparecer 116 viviendas\u00bb, sostuvo.<\/p>\n<h6>Fuente: Uno<\/h6>\n","protected":false},"excerpt":{"rendered":"<p>Lo confirm\u00f3 la Municipalidad. La usurpaci\u00f3n comenz\u00f3 el jueves pasado y eso se consolid\u00f3 durante el fin de semana. Las parcelas est\u00e1n ubicadas entre Facundo Zuvir\u00eda (atr\u00e1s del CIC), Azcu\u00e9naga, 9 de Julio y Matheu.<\/p>\n","protected":false},"author":2,"featured_media":99291,"comment_status":"closed","ping_status":"closed","sticky":false,"template":"","format":"standard","meta":{"footnotes":""},"categories":[2],"tags":[10],"class_list":["post-99290","post","type-post","status-publish","format-standard","has-post-thumbnail","hentry","category-informe-municipal","tag-santa-fe"],"_links":{"self":[{"href":"http:\/\/argentinamunicipal.com.ar\/argentina\/wp-json\/wp\/v2\/posts\/99290","targetHints":{"allow":["GET"]}}],"collection":[{"href":"http:\/\/argentinamunicipal.com.ar\/argentina\/wp-json\/wp\/v2\/posts"}],"about":[{"href":"http:\/\/argentinamunicipal.com.ar\/argentina\/wp-json\/wp\/v2\/types\/post"}],"author":[{"embeddable":true,"href":"http:\/\/argentinamunicipal.com.ar\/argentina\/wp-json\/wp\/v2\/users\/2"}],"replies":[{"embeddable":true,"href":"http:\/\/argentinamunicipal.com.ar\/argentina\/wp-json\/wp\/v2\/comments?post=99290"}],"version-history":[{"count":0,"href":"http:\/\/argentinamunicipal.com.ar\/argentina\/wp-json\/wp\/v2\/posts\/99290\/revisions"}],"wp:featuredmedia":[{"embeddable":true,"href":"http:\/\/argentinamunicipal.com.ar\/argentina\/wp-json\/wp\/v2\/media\/99291"}],"wp:attachment":[{"href":"http:\/\/argentinamunicipal.com.ar\/argentina\/wp-json\/wp\/v2\/media?parent=99290"}],"wp:term":[{"taxonomy":"category","embeddable":true,"href":"http:\/\/argentinamunicipal.com.ar\/argentina\/wp-json\/wp\/v2\/categories?post=99290"},{"taxonomy":"post_tag","embeddable":true,"href":"http:\/\/argentinamunicipal.com.ar\/argentina\/wp-json\/wp\/v2\/tags?post=99290"}],"curies":[{"name":"wp","href":"https:\/\/api.w.org\/{rel}","templated":true}]}}