{"id":99496,"date":"2020-02-14T08:03:27","date_gmt":"2020-02-14T11:03:27","guid":{"rendered":"http:\/\/argentinamunicipal.com.ar\/argentina\/?p=99496"},"modified":"2020-02-14T08:03:27","modified_gmt":"2020-02-14T11:03:27","slug":"ninos-embarazadas-y-los-que-no-tienen-adonde-ir","status":"publish","type":"post","link":"http:\/\/argentinamunicipal.com.ar\/argentina\/ninos-embarazadas-y-los-que-no-tienen-adonde-ir\/","title":{"rendered":"Ni\u00f1os, embarazadas y los que no tienen adonde ir"},"content":{"rendered":"<p>En la toma de Casimiro G\u00f3mez conviven problemas de todo tipo con una causa com\u00fan: la falta de vivienda.<\/p>\n<p>Con la esperanza de conseguir un techo que cobije a sus familias, las cientos de personas que se asentaron a la vera de la Autov\u00eda Norte hacia la calle Casimiro G\u00f3mez enfrentan a diario el en\u00e9rgico sol del verano neuquino. Con botellas de agua congelada y alg\u00fan pl\u00e1stico como techo, esperan una soluci\u00f3n a su problema de falta de vivienda.<\/p>\n<p>Son j\u00f3venes, mujeres embarazadas, t\u00edas con hijos, hermanas y sobrinos, familias completas. Mucha gente que no tiene adonde ir si es desalojada. Por eso, sin un pedazo de tierra, dicen, no se ir\u00e1n. \u201cSomos los hijos de San Lorenzo, de\u00a0Toma\u00a0Norte, Villa Ceferino\u201d, se autodescriben.<\/p>\n<p>Dentro de la toma los ocupantes ya delimitaron sus terrenos a los que identificaron con peque\u00f1os carteles. \u201cFamilia Casanoves\u201d. \u201cFamilia C\u00e1rdenas\u201d. Sigue la lista. Se estima que son cerca de mil familias en la toma. Se har\u00e1 un censo para precisar la cifra.<\/p>\n<p>En cada terreno las familias dispusieron lo que pudieron ingresar por los controles policiales que rodearon la toma. Hay varias carpas y muchas estructuras realizadas con maderas y forradas con viejas telas de gazebos o simplemente con pl\u00e1sticos acomodados como se puede.<\/p>\n<p>La toma est\u00e1 en v\u00edas de consolidaci\u00f3n. Avanz\u00f3 a fondo en dos semanas. Ya cuenta con calles internas y las zonas en donde hab\u00eda grandes mont\u00edculos de tierra tambi\u00e9n fueron acomodadas para la instalaci\u00f3n de m\u00e1s familias.<\/p>\n<p>Subsistencia solidaria<\/p>\n<p>La comida, como en toda casa, es un problema a solucionar todos los d\u00edas. Hay al menos tres comedores dentro. Los propios ocupantes fueron quienes pusieron manos a la obra y cada mediod\u00eda preparan ollas grandes de guisos o tucos para acompa\u00f1ar los fideos. Los ni\u00f1os son los que m\u00e1s los esperan.<\/p>\n<p>\u201cAh\u00ed viene la comida, ah\u00ed viene la comida\u201d, grit\u00f3 una nena con entusiasmo, mientras se acercaba al comedor junto con dos hermanitas. Luego, desde cada precaria vivienda se acercan con sus platos a buscar su raci\u00f3n.<\/p>\n<p>Hay un comedor de cada lado de la calle Casimiro G\u00f3mez, y un tercero llegando a la Autov\u00eda Norte.<\/p>\n<p>La \u00faltima directiva que recibi\u00f3 la Polic\u00eda es no dejar ingresar nada dentro de la toma. Pero no siempre se cumple. A veces les dejan entrar agua o comida a los ocupantes del terreno.<\/p>\n<p>\u201cA nosotros nos est\u00e1n ayudando nuestras mam\u00e1s y nuestros pap\u00e1s. Nos traen comida, acercan agua\u201d, cont\u00f3 Abigail, una joven madre de una beba de un a\u00f1o, quien decidi\u00f3 ir a tomar un terreno junto a su compa\u00f1ero.<\/p>\n<p>Hasta hace unos d\u00edas la pareja y su ni\u00f1a viv\u00edan en la casa del padre de Abigail, en San Lorenzo. \u201cQueremos tener lo nuestro -desliz\u00f3 la mujer-. Muchos de los barrios de Neuqu\u00e9n nacieron como toma primero y los vecinos se ganaron sus casas pele\u00e1ndola. Estamos ac\u00e1. \u00bfSi esa gente gan\u00f3, por qu\u00e9 nosotros no?\u201d.<\/p>\n<p>La organizaci\u00f3n interna<\/p>\n<p>Emanuel L\u00f3pez es el delegado de la toma. Como ya son, cont\u00f3, dos mil las personas que se asentaron, decidieron definir algunos subdelegados para mantenerse organizados y unidos.<\/p>\n<p>Abigail es una de las subdelegadas. Solamente en su sector hay cinco mujeres embarazadas.<\/p>\n<p>\u201cEstar embarazada ac\u00e1 no es lo m\u00e1s lindo, pas\u00e1s fr\u00edo, corre viento, hay tierra. Yo trato de darles prioridad en lo que puedo. Igual nos defendemos entre todos\u201d, remarc\u00f3 la joven al celebrar con risas su propia iron\u00eda: \u201cNo soy negra, estoy quemada por el sol\u201d.<\/p>\n<p>Yoina tiene 28 a\u00f1os, cinco hijos y el sexto por llegar. El pap\u00e1 de sus primeros nenes falleci\u00f3. Hace unos meses, tiene a su nueva pareja. Ambos est\u00e1n desocupados, viven de changas, que ya no les alcanzan ni para pagar el alquiler.<\/p>\n<p>\u201cPor eso tom\u00e9 la decisi\u00f3n de tomar un pedazo de tierra para poder tener mi casa\u201d, explic\u00f3. Ella est\u00e1 en la toma con sus hijos y su prima Vanina, tambi\u00e9n embarazada.<\/p>\n<p>Su prima tiene 18 a\u00f1os y espera poder seguir estudiando cuando se convierta en mam\u00e1. Su pareja tampoco tiene trabajo y aguanta en la toma por el sue\u00f1o de tener su casa.<\/p>\n<p>No tienen adonde ir<\/p>\n<p>El delegado de la toma pint\u00f3 en dos oraciones la situaci\u00f3n m\u00e1s compleja de resolver para los gobiernos municipal y provincial.<\/p>\n<p>\u201cEstas personas no tienen adonde ir, ac\u00e1 hay gente que dej\u00f3 de pagar su alquiler, que perdi\u00f3 el trabajo. Todo el mundo sabe que la tierra en Neuqu\u00e9n es inaccesible\u201d.<\/p>\n<p>A la noche en el asentamiento los movimientos son casi nulos. Los que se quedan a dormir se acurrucan esperando que ma\u00f1ana las cosas sean mejor.<\/p>\n<p>Tierra adentro en Casimiro G\u00f3mez<\/p>\n<p>\u00bfQu\u00e9 son esas listas?<\/p>\n<p>En el terreno de la toma circulan listas de espera para entrar circunstancialmente a una de las parcelas ocupadas en caso de que la familia que ingres\u00f3 en un principio deje su lugar.<\/p>\n<p>La onda de los vecinos<\/p>\n<p>Los part\u00edcipantes en la toma que accedieron a una charla con LM Neuqu\u00e9n agradecieron a los vecinos que se acercaron desde el principio a colaborar con comida y otras cosas.<\/p>\n<p>La mano de la religi\u00f3n<\/p>\n<p>Representantes de m\u00e1s de un iglesia evang\u00e9lica de la ciudad se acercaron a los tomadores de tierra con colaboraciones de distinta \u00edndole que ayudaron a enfrentar las precariedades.<\/p>\n<h6>Fuente: La Ma\u00f1ana Neuqu\u00e9n<\/h6>\n","protected":false},"excerpt":{"rendered":"<p>En la toma de Casimiro G\u00f3mez conviven problemas de todo tipo con una causa com\u00fan: la falta de vivienda.<\/p>\n","protected":false},"author":2,"featured_media":99497,"comment_status":"closed","ping_status":"closed","sticky":false,"template":"","format":"standard","meta":{"footnotes":""},"categories":[2],"tags":[23],"class_list":["post-99496","post","type-post","status-publish","format-standard","has-post-thumbnail","hentry","category-informe-municipal","tag-neuquen"],"_links":{"self":[{"href":"http:\/\/argentinamunicipal.com.ar\/argentina\/wp-json\/wp\/v2\/posts\/99496","targetHints":{"allow":["GET"]}}],"collection":[{"href":"http:\/\/argentinamunicipal.com.ar\/argentina\/wp-json\/wp\/v2\/posts"}],"about":[{"href":"http:\/\/argentinamunicipal.com.ar\/argentina\/wp-json\/wp\/v2\/types\/post"}],"author":[{"embeddable":true,"href":"http:\/\/argentinamunicipal.com.ar\/argentina\/wp-json\/wp\/v2\/users\/2"}],"replies":[{"embeddable":true,"href":"http:\/\/argentinamunicipal.com.ar\/argentina\/wp-json\/wp\/v2\/comments?post=99496"}],"version-history":[{"count":0,"href":"http:\/\/argentinamunicipal.com.ar\/argentina\/wp-json\/wp\/v2\/posts\/99496\/revisions"}],"wp:featuredmedia":[{"embeddable":true,"href":"http:\/\/argentinamunicipal.com.ar\/argentina\/wp-json\/wp\/v2\/media\/99497"}],"wp:attachment":[{"href":"http:\/\/argentinamunicipal.com.ar\/argentina\/wp-json\/wp\/v2\/media?parent=99496"}],"wp:term":[{"taxonomy":"category","embeddable":true,"href":"http:\/\/argentinamunicipal.com.ar\/argentina\/wp-json\/wp\/v2\/categories?post=99496"},{"taxonomy":"post_tag","embeddable":true,"href":"http:\/\/argentinamunicipal.com.ar\/argentina\/wp-json\/wp\/v2\/tags?post=99496"}],"curies":[{"name":"wp","href":"https:\/\/api.w.org\/{rel}","templated":true}]}}