{"id":99537,"date":"2020-02-17T06:51:04","date_gmt":"2020-02-17T09:51:04","guid":{"rendered":"http:\/\/argentinamunicipal.com.ar\/argentina\/?p=99537"},"modified":"2020-02-17T06:51:04","modified_gmt":"2020-02-17T09:51:04","slug":"trabajadores-de-vicentin-se-aferran-a-la-fuente-laboral","status":"publish","type":"post","link":"http:\/\/argentinamunicipal.com.ar\/argentina\/trabajadores-de-vicentin-se-aferran-a-la-fuente-laboral\/","title":{"rendered":"Trabajadores de Vicentin se aferran a la fuente laboral"},"content":{"rendered":"<p>Pablo Reguera, secretario general del Sindicato de Obreros Aceiteros de San Lorenzo, dijo a Cadena OH! que de ninguna manera se permitir\u00e1 el cierre de la empresa: \u201cSi quieren hacerlo van a encontrar a un sindicato y a toda una regi\u00f3n de pie\u201d.<\/p>\n<p>La compleja situaci\u00f3n de Vicentin abri\u00f3 un nuevo cap\u00edtulo. Esta ma\u00f1ana se conoci\u00f3 la imputaci\u00f3n al ex presidente del Banco Naci\u00f3n durante el gobierno de Mauricio Macri, Javier Gonz\u00e1lez Fraga, en la causa que investiga si las autoridades de la entidad bancaria estatal cometieron alg\u00fan il\u00edcito al permitir que la empresa tomara deuda por unos $18.500 millones en contra de las normativas que rigen el funcionamiento del banco.<\/p>\n<p>Los avatares de una de las principales cerealeras del pa\u00eds, llevaron a que a principios de diciembre 2019 Vicentin entrara en un proceso de\u00a0reestructuraci\u00f3n de pagos\u00a0producto de un estr\u00e9s financiero.<\/p>\n<p>Leer tambi\u00e9n:\u00a0Imputaron a Javier Gonz\u00e1lez Fraga por permitir el endeudamiento de Vicentin<\/p>\n<p>Actualmente la f\u00e1brica ubicada en el Cord\u00f3n Industrial se encuentra parada. Si bien los trabajadores contin\u00faan cobrando gran porcentaje de sus salarios, la estrecha situaci\u00f3n mantiene en vilo no solo al sector sino a toda la comunidad.<\/p>\n<p>En efecto,\u00a0San Lorenzo aparece como la principal afectada\u00a0ante la crisis de Vicentin, ya que la empresa paga al municipio unos 8 millones mensuales de Derecho de Registro e Inspecci\u00f3n (DREI). Otra de las localidades afectadas es Ricardone donde la firma tiene una playa de camiones. La empresa aportaba unos 200 mil pesos para el funcionamiento y organizaci\u00f3n de esa localidad, algo que hace meses ya no realiza y acumul\u00f3 una deuda de 1.400.000 pesos.<\/p>\n<p>Pablo Reguera, secretario general del Sindicato de Obreros Aceiteros de San Lorenzo, dijo a\u00a0Cadena OH!\u00a0que la realidad de la empresa preocupa a los trabajadores y sus representantes, ya que Vicentin es la principal generadora de trabajo en la regi\u00f3n.<\/p>\n<p>\u201cVicentin tom\u00f3 tantas deudas que hoy se le hace imposible pagar lo pactado, mientras los trabajadores estamos en el medio. Estamos muy molestos por la situaci\u00f3n en que estamos,\u00a0hoy no tenemos una visi\u00f3n de futuro. Sabemos que la empresa entr\u00f3 en convocatoria de acreedores pero no c\u00f3mo terminar\u00e1\u201d.<\/p>\n<p>Reguera afirm\u00f3 que el gremio mantiene contacto permanente con los representantes de la empresa y con el arco pol\u00edtico, pero remarc\u00f3 que la situaci\u00f3n es muy dif\u00edcil de sortear ya que Vicentin posee unos 1.800 deudores, con un d\u00e9ficit que rondar\u00eda, al menos, los 1.350 millones de d\u00f3lares.<\/p>\n<p>Sin embargo, el gremialista manifest\u00f3 que de ninguna manera se permitir\u00e1 el cierre de la empresa: \u201cSi quieren hacerlo van a encontrar a un sindicato y a toda una regi\u00f3n de pie\u201d. Reguera sostuvo que los trabajadores est\u00e1n dispuestos a hacer todo lo que sea necesario para que esta industria contin\u00fae, sin importar quienes son los due\u00f1os o su nombre.<\/p>\n<p>\u201cNo vamos a defender a Vicentin sino a la empresa. Los trabajadores vamos a luchar firmemente por nuestros puestos de trabajo\u201d, finaliz\u00f3 Reguera.<\/p>\n<h6>Fuente: Sin MOrdaza<\/h6>\n","protected":false},"excerpt":{"rendered":"<p>Pablo Reguera, secretario general del Sindicato de Obreros Aceiteros de San Lorenzo, dijo a Cadena OH! que de ninguna manera se permitir\u00e1 el cierre de la empresa: \u201cSi quieren hacerlo van a encontrar a un sindicato y a toda una regi\u00f3n de pie\u201d.<\/p>\n","protected":false},"author":2,"featured_media":99538,"comment_status":"closed","ping_status":"closed","sticky":false,"template":"","format":"standard","meta":{"footnotes":""},"categories":[2],"tags":[10],"class_list":["post-99537","post","type-post","status-publish","format-standard","has-post-thumbnail","hentry","category-informe-municipal","tag-santa-fe"],"_links":{"self":[{"href":"http:\/\/argentinamunicipal.com.ar\/argentina\/wp-json\/wp\/v2\/posts\/99537","targetHints":{"allow":["GET"]}}],"collection":[{"href":"http:\/\/argentinamunicipal.com.ar\/argentina\/wp-json\/wp\/v2\/posts"}],"about":[{"href":"http:\/\/argentinamunicipal.com.ar\/argentina\/wp-json\/wp\/v2\/types\/post"}],"author":[{"embeddable":true,"href":"http:\/\/argentinamunicipal.com.ar\/argentina\/wp-json\/wp\/v2\/users\/2"}],"replies":[{"embeddable":true,"href":"http:\/\/argentinamunicipal.com.ar\/argentina\/wp-json\/wp\/v2\/comments?post=99537"}],"version-history":[{"count":0,"href":"http:\/\/argentinamunicipal.com.ar\/argentina\/wp-json\/wp\/v2\/posts\/99537\/revisions"}],"wp:featuredmedia":[{"embeddable":true,"href":"http:\/\/argentinamunicipal.com.ar\/argentina\/wp-json\/wp\/v2\/media\/99538"}],"wp:attachment":[{"href":"http:\/\/argentinamunicipal.com.ar\/argentina\/wp-json\/wp\/v2\/media?parent=99537"}],"wp:term":[{"taxonomy":"category","embeddable":true,"href":"http:\/\/argentinamunicipal.com.ar\/argentina\/wp-json\/wp\/v2\/categories?post=99537"},{"taxonomy":"post_tag","embeddable":true,"href":"http:\/\/argentinamunicipal.com.ar\/argentina\/wp-json\/wp\/v2\/tags?post=99537"}],"curies":[{"name":"wp","href":"https:\/\/api.w.org\/{rel}","templated":true}]}}