{"id":99614,"date":"2020-02-18T07:41:38","date_gmt":"2020-02-18T10:41:38","guid":{"rendered":"http:\/\/argentinamunicipal.com.ar\/argentina\/?p=99614"},"modified":"2020-02-18T07:41:38","modified_gmt":"2020-02-18T10:41:38","slug":"santo-tome-una-importante-zona-poblacional-busca-emanciparse-y-fundar-su-propia-localidad","status":"publish","type":"post","link":"http:\/\/argentinamunicipal.com.ar\/argentina\/santo-tome-una-importante-zona-poblacional-busca-emanciparse-y-fundar-su-propia-localidad\/","title":{"rendered":"Santo Tom\u00e9: una importante zona poblacional busca emanciparse y fundar su propia localidad"},"content":{"rendered":"<p>Se trata del sector de countries, barrios cerrados, hoteles y clubes deportivos ubicados a la vera de la autopista Santa Fe-Rosario. Afirman que \u00aben la zona viven m\u00e1s de 10 mil personas\u00bb<\/p>\n<p>Desde hace m\u00e1s de 40 a\u00f1os la zona hoy conocida como el \u00e1rea de countries y barrios cerrados emplazada a la vera de la autopista, en jurisdicci\u00f3n de Santo Tom\u00e9, comenz\u00f3 a desarrollar su urbanizaci\u00f3n a gran ritmo. A partir de los 80, hay una tendencia (por lo menos en la zona de Santa Fe y la regi\u00f3n) a alejarse del \u00abruido\u00bb de la ciudad en busca de mayor tranquilidad y calidad de vida.<\/p>\n<p>Algo similar ocurri\u00f3 hacia el este de Santa Fe con Colastin\u00e9, Villa California \u2013el caso con m\u00e1s similitud al tema en cuesti\u00f3n\u2013 perteneciente a la joven ciudad de San Jos\u00e9 del Rinc\u00f3n. Hacia el sur sucede algo similar con la zona de Altos del Valle o la misma comuna de Sauce Viejo.\u00a0Lo cierto es que la descentralizaci\u00f3n de las ciudades ocurre y cada vez a mayor velocidad.<\/p>\n<p>As\u00ed es como nace el proyecto de habitantes de barrios ubicados al oeste de Santa Fe, cruzando el r\u00edo Salado, y del norte de la ciudad de Santo Tom\u00e9.\u00a0El sector poblacional que hoy pretende independizarse y conformar una nueva localidad, y que seg\u00fan estimaciones tiene m\u00e1s de 10 mil personas viviendo actualmente de forma permanente,\u00a0est\u00e1 comprendido por lo que la Municipalidad de Santo Tom\u00e9 denomina regi\u00f3n norte. Seg\u00fan fundamentan los habitantes de la zona y creadores de la iniciativa, la idea se basa en \u00abla carencia de gesti\u00f3n comunitaria adecuada por parte del municipio santotomesino\u00bb.<\/p>\n<p>Seg\u00fan el proyecto, la nueva localidad llevar\u00eda el nombre de \u00abVilla Pai Sum\u00e9\u00bb<\/p>\n<p>El sector geogr\u00e1fico posee la vida, circulaci\u00f3n y el ritmo propio de una ciudad con un desarrollo y crecimiento urbano sostenido en los \u00faltimos a\u00f1os.\u00a0En la zona conviven ocho complejos habitacionales privados en funcionamiento y otros dos en plena construcci\u00f3n, ocho instituciones deportivas con una gran afluencia de deportistas y estudiantes a diario (se calculan dos mil personas por d\u00eda), emprendimientos privados de hospedaje y de eventos (algunos en construcci\u00f3n), un centro comercial para los habitantes de la zona y hasta una iglesia. Adem\u00e1s, en el \u00e1rea existen tres barrios y asentamientos informales de Santo Tom\u00e9 como El Chaparral, Costa Azul y Santo Tom\u00e1s de Aquino.<\/p>\n<p>Con m\u00e1s de 10 mil personas viviendo, con cerca de tres mil trabajadores que diariamente prestan servicio en la zona de countries y empresas (personal de seguridad, obreros, personal administrativo, de servicio dom\u00e9stico, entre otros), y con una proyecci\u00f3n de 20 mil pobladores estables para los pr\u00f3ximos a\u00f1os, la superficie habitacional presenta caracter\u00edsticas propias que lo hacen diferente a otras \u00e1reas de la ciudad de Santo Tome; seg\u00fan los responsables del proyecto,\u00a0\u00abtodas las particularidades del sector justifican que deba administrarse como una localidad independiente\u00bb.<\/p>\n<p>El objetivo de la conformaci\u00f3n del proyecto de algunos moradores hist\u00f3ricos del lugar se basa en \u00abmuchos a\u00f1os sin pr\u00e1cticamente ninguna asistencia del Estado municipal de Santo Tom\u00e9, que nunca atendi\u00f3 las necesidades y servicios de una zona que es la de mayor expansi\u00f3n edilicia y poblacional de la regi\u00f3n. La fundaci\u00f3n de una nueva localidad permitir\u00eda encarar soluciones m\u00e1s cercanas y m\u00e1s eficaces para todos\u00bb.<\/p>\n<p>Los habitantes de los countries y barrios cerrados pagan mensualmente la \u00abtasa de urbanizaciones privadas\u00bb de la Municipalidad, pero lo cierto es que a trav\u00e9s del pago, tambi\u00e9n mensual de las expensas de cada complejo, por ejemplo, algunos de ellos encararon en los \u00faltimos a\u00f1os las costosas obras de cloacas. A diario, con el abono de dichas expensas privadas se mantienen los sistemas de alumbrado p\u00fablico, la recolecci\u00f3n de residuos interna, el desmalezado, la fumigaci\u00f3n, el riego, la seguridad y el arreglo de calles internas, entre otros aspectos.<\/p>\n<p>El sector posee adem\u00e1s un pesado tr\u00e1nsito de veh\u00edculos a diario donde en horas pico se llega a registrar un caudal de tres mil autos por hora. Dicha situaci\u00f3n se presenta a ra\u00edz del colapsado Puente Carretero y el desv\u00edo de tr\u00e1nsito por la zona del \u00abacceso norte\u00bb de los vecinos de los barrios de Santo Tom\u00e9, que desemboca en la autopista Santa Fe-Rosario generando un cuello de botella con la intensa transitabilidad propia del sector.<\/p>\n<p>Las obras de asfalto en la zona de colectoras se realizaron en 2011 con inversiones del gobierno provincial con motivo de Santa Fe sede de la Copa Am\u00e9rica de f\u00fatbol, y en 2014 la pavimentaci\u00f3n del acceso norte se ejecut\u00f3 con fondos conjuntos entre gobierno y municipio.<\/p>\n<p>Seg\u00fan el proyecto que busca independizar a la zona de la jurisdicci\u00f3n de Santo Tom\u00e9, la nueva localidad llevar\u00eda el nombre de \u00abVilla Pai Sum\u00e9\u00bb. \u00abLograr constituir una localidad independiente a efectos de poder administrarla con recursos propios, no solo para consolidar el desarrollo local y adem\u00e1s potenciar las condiciones de vida de los residentes y trabajadores, ser\u00eda un gran logro y anhelo de toda una zona que desde sus inicios se vio postergada en un n\u00facleo urbano din\u00e1mico y progresista\u00bb, reza el objetivo del dise\u00f1o.<\/p>\n<p>Adem\u00e1s, entre los\u00a0m\u00faltiples argumentos\u00a0del proyecto, se denuncia\u00a0la deficiencia en los accesos y faltas de obras urban\u00edsticas, recurrentes inundaciones por falta de infraestructura, falta de l\u00edneas de colectivo (existe solo una a Santa Fe y con frecuencias reducidas), falta de seguridad sin la existencia de una comisar\u00eda de la mano de proliferaci\u00f3n de robos en la zona, falta de prestadores de servicio de salud y falta de servicios educativos.<\/p>\n<p>UNO Santa Fe\u00a0dialog\u00f3 con una abogada constitucionalista para entender qu\u00e9 posibilidad real posee el proyecto de convertirse en realidad, o al menos que sea analizado en base a la actualidad planteada en la zona. \u00abPara que se pueda generar una decisi\u00f3n respecto a la conformaci\u00f3n de una comuna o ciudad respecto a la cantidad de habitantes actuales, lo tiene que resolver la Legislatura santafesina. Es es este marco donde se podr\u00eda dictar o no una ley, conforme a los argumentos jur\u00eddicos existentes, para disponer la creaci\u00f3n de una nueva localidad. Esto dispone analizar m\u00faltiples factores m\u00e1s profundos que el solo hecho de que un sector de una comunidad no se sienta atendido por su Municipalidad, como por ejemplo los recursos econ\u00f3micos\u00bb, se\u00f1al\u00f3 la especialista consultada.<\/p>\n<p>\u00abPara el municipio de Santo Tom\u00e9 este proyecto significar\u00eda un golpe muy fuerte a sus arcas econ\u00f3micas por el simple hecho que perder\u00eda la tributaci\u00f3n de las tasas municipales de un gran n\u00famero de habitantes.\u00a0Si bien estamos frente a un caso in\u00e9dito, no lo veo como un proyecto inviable entendiendo el desarrollo urban\u00edstico que present\u00f3 la zona en los \u00faltimos a\u00f1os\u00bb, continu\u00f3 la abogada.<\/p>\n<p>\u00bfExistir\u00e1 el aval de legisladores que presenten y hagan suyo este proyecto?;\u00a0\u00bfestar\u00e1 de acuerdo la comunidad de countries y barrios cerrados que elabor\u00f3 este proyecto de independizaci\u00f3n, a levantar y remover los cercos perimetrales para convertirse en una sociedad de puertas abiertas?; \u00bfestar\u00e1n dadas las condiciones t\u00e9cnicas y estructurales para llevar adelante una organizaci\u00f3n institucional con generaci\u00f3n de recursos propios?; \u00bftodos los habitantes de la zona tienen ratificados sus domicilios en dicha \u00e1rea de complejos habitacionales privados, o sus domicilios radican a\u00fan en las ciudades de Santa Fe y Santo Tom\u00e9?<\/p>\n<p>El proyecto ya est\u00e1 en discusi\u00f3n y junto a \u00e9l se abre un rico debate acerca del futuro de m\u00e1s de 10 mil habitantes que hoy est\u00e1n bajo la \u00f3rbita de Santo Tom\u00e9.<\/p>\n<h6>Fuente: Uno<\/h6>\n","protected":false},"excerpt":{"rendered":"<p>Se trata del sector de countries, barrios cerrados, hoteles y clubes deportivos ubicados a la vera de la autopista Santa Fe-Rosario. Afirman que \u00aben la zona viven m\u00e1s de 10 mil personas\u00bb<\/p>\n","protected":false},"author":2,"featured_media":99615,"comment_status":"closed","ping_status":"closed","sticky":false,"template":"","format":"standard","meta":{"footnotes":""},"categories":[2],"tags":[10],"class_list":["post-99614","post","type-post","status-publish","format-standard","has-post-thumbnail","hentry","category-informe-municipal","tag-santa-fe"],"_links":{"self":[{"href":"http:\/\/argentinamunicipal.com.ar\/argentina\/wp-json\/wp\/v2\/posts\/99614","targetHints":{"allow":["GET"]}}],"collection":[{"href":"http:\/\/argentinamunicipal.com.ar\/argentina\/wp-json\/wp\/v2\/posts"}],"about":[{"href":"http:\/\/argentinamunicipal.com.ar\/argentina\/wp-json\/wp\/v2\/types\/post"}],"author":[{"embeddable":true,"href":"http:\/\/argentinamunicipal.com.ar\/argentina\/wp-json\/wp\/v2\/users\/2"}],"replies":[{"embeddable":true,"href":"http:\/\/argentinamunicipal.com.ar\/argentina\/wp-json\/wp\/v2\/comments?post=99614"}],"version-history":[{"count":0,"href":"http:\/\/argentinamunicipal.com.ar\/argentina\/wp-json\/wp\/v2\/posts\/99614\/revisions"}],"wp:featuredmedia":[{"embeddable":true,"href":"http:\/\/argentinamunicipal.com.ar\/argentina\/wp-json\/wp\/v2\/media\/99615"}],"wp:attachment":[{"href":"http:\/\/argentinamunicipal.com.ar\/argentina\/wp-json\/wp\/v2\/media?parent=99614"}],"wp:term":[{"taxonomy":"category","embeddable":true,"href":"http:\/\/argentinamunicipal.com.ar\/argentina\/wp-json\/wp\/v2\/categories?post=99614"},{"taxonomy":"post_tag","embeddable":true,"href":"http:\/\/argentinamunicipal.com.ar\/argentina\/wp-json\/wp\/v2\/tags?post=99614"}],"curies":[{"name":"wp","href":"https:\/\/api.w.org\/{rel}","templated":true}]}}