{"id":99620,"date":"2020-02-18T04:48:06","date_gmt":"2020-02-18T07:48:06","guid":{"rendered":"http:\/\/argentinamunicipal.com.ar\/argentina\/?p=99620"},"modified":"2020-02-18T07:50:59","modified_gmt":"2020-02-18T10:50:59","slug":"rosario-vivira-una-campana-de-concientizacion-de-mujeres-gremialistas","status":"publish","type":"post","link":"http:\/\/argentinamunicipal.com.ar\/argentina\/rosario-vivira-una-campana-de-concientizacion-de-mujeres-gremialistas\/","title":{"rendered":"Rosario vivir\u00e1 una campa\u00f1a de concientizaci\u00f3n de mujeres gremialistas"},"content":{"rendered":"<p>Desde la organizaci\u00f3n se acord\u00f3 una serie de premisas en el marco del D\u00eda Internacional de la Mujer, activando una bater\u00eda de medidas para concientizar y avanzar en los derechos de g\u00e9nero<\/p>\n<p>Mujeres sindicalistas de Rosario y la regi\u00f3n acordaron una serie de premisas en el marco del 8 de marzo, D\u00eda Internacional de la Mujer. En ese marco, se activar\u00e1 una bater\u00eda de medidas para concientizar y avanzar en los derechos de g\u00e9nero<\/p>\n<p>\u201cESTAREMOS EN LA CALLE ESTE 8 DE MARZO PARA SENSIBILIZAR EN LA TEM\u00c1TICA DE LA VIOLENCIA DE G\u00c9NERO Y DISIDENCIAS\u201d<\/p>\n<p>Por lo pronto, las trabajadoras que conforman la mesa intersindical de mujeres han resuelto\u00a0una actividad para el mismo 8 de marzo.\u00a0Ser\u00e1 en el Parque Espa\u00f1a desde las 17:30, con folletos de los diferentes gremios y concientizando sobre los derechos laborales.\u00a0\u201cEstaremos en la calle este 8 de marzo para sensibilizar en la tem\u00e1tica de la violencia de g\u00e9nero y disidencias\u201d, inform\u00f3 Yamile Baclini, secretaria adjunta de Municipales de Rosario.<\/p>\n<p>Asimismo, Gabriela Cericola del \u00e1rea de Relaciones Intersindicales, DD.HH. y G\u00e9nero e Igualdad del Sindicato de Luz y Fuerza e integrante del Movimiento Sindicarl Rosarino (MSR) se\u00f1al\u00f3 que: \u201cel 8 de marzo\u00a0no podemos no estar en calle por m\u00e1s que sea domingo.\u00a0Y por eso consesuamos una actividad en el Parque Espa\u00f1a,\u00a0todas juntas.\u00a0Con un fuerte campa\u00f1a de concientizaci\u00f3n sobre nuestros derechos y la no violencia en los \u00e1mbitos laborales\u201d<\/p>\n<p>Por su parte, Miriam Salvador de la Asociaci\u00f3n de Trabajadores de la Sanidad de Rosario y el sur provincial (Atsa Rosario) e integrante del MSR indic\u00f3: \u201cestaremos en la calle conmemorando el D\u00eda Internacional de la Mujer el mismo 8 de marzo.\u00a0Visibilizando las problem\u00e1ticas de la mujer trabajadora.\u00a0M\u00e1s alla que la movilizaci\u00f3n mas importante ser\u00e1 el lunes 9 de marzo\u201d.<\/p>\n<p>Movilizaci\u00f3n<br \/>\nAsimismo,\u00a0el 9 de marzo a las 12 del mediod\u00eda frente al Concejo Municipal\u00a0(C\u00f3rdoba 501)\u00a0se realizar\u00e1 una sentada en reclamo de normativas locales para todas las trabajadoras\u00a0sin distinci\u00f3n del sector al que pertenezcan y las mujeres gremialistas participaran de dicha actividad.<\/p>\n<p>\u201cVamos seguir repudiando los femicidios, el maltrato, el hostigamiento, la falta de pol\u00edticas p\u00fablicas de inclusi\u00f3n y que realmente ponga a la mujer en unmarco de igualdad\u201d, coincidieron las mujeres gremialistas<\/p>\n<p>En tanto, se prev\u00e9 la masiva movilizaci\u00f3n culminar\u00e1 en Monumento a la Bandera.<\/p>\n<h6>Fuente: sin Mordaza<\/h6>\n","protected":false},"excerpt":{"rendered":"<p>Desde la organizaci\u00f3n se acord\u00f3 una serie de premisas en el marco del D\u00eda Internacional de la Mujer, activando una bater\u00eda de medidas para concientizar y avanzar en los derechos de g\u00e9nero Mujeres sindicalistas de Rosario y la regi\u00f3n acordaron una serie de premisas en el marco del 8 de marzo, D\u00eda Internacional de la<\/p>\n","protected":false},"author":2,"featured_media":99621,"comment_status":"closed","ping_status":"closed","sticky":false,"template":"","format":"standard","meta":{"footnotes":""},"categories":[2],"tags":[10],"class_list":["post-99620","post","type-post","status-publish","format-standard","has-post-thumbnail","hentry","category-informe-municipal","tag-santa-fe"],"_links":{"self":[{"href":"http:\/\/argentinamunicipal.com.ar\/argentina\/wp-json\/wp\/v2\/posts\/99620","targetHints":{"allow":["GET"]}}],"collection":[{"href":"http:\/\/argentinamunicipal.com.ar\/argentina\/wp-json\/wp\/v2\/posts"}],"about":[{"href":"http:\/\/argentinamunicipal.com.ar\/argentina\/wp-json\/wp\/v2\/types\/post"}],"author":[{"embeddable":true,"href":"http:\/\/argentinamunicipal.com.ar\/argentina\/wp-json\/wp\/v2\/users\/2"}],"replies":[{"embeddable":true,"href":"http:\/\/argentinamunicipal.com.ar\/argentina\/wp-json\/wp\/v2\/comments?post=99620"}],"version-history":[{"count":0,"href":"http:\/\/argentinamunicipal.com.ar\/argentina\/wp-json\/wp\/v2\/posts\/99620\/revisions"}],"wp:featuredmedia":[{"embeddable":true,"href":"http:\/\/argentinamunicipal.com.ar\/argentina\/wp-json\/wp\/v2\/media\/99621"}],"wp:attachment":[{"href":"http:\/\/argentinamunicipal.com.ar\/argentina\/wp-json\/wp\/v2\/media?parent=99620"}],"wp:term":[{"taxonomy":"category","embeddable":true,"href":"http:\/\/argentinamunicipal.com.ar\/argentina\/wp-json\/wp\/v2\/categories?post=99620"},{"taxonomy":"post_tag","embeddable":true,"href":"http:\/\/argentinamunicipal.com.ar\/argentina\/wp-json\/wp\/v2\/tags?post=99620"}],"curies":[{"name":"wp","href":"https:\/\/api.w.org\/{rel}","templated":true}]}}