{"id":99648,"date":"2020-02-19T07:19:01","date_gmt":"2020-02-19T10:19:01","guid":{"rendered":"http:\/\/argentinamunicipal.com.ar\/argentina\/?p=99648"},"modified":"2020-02-19T07:19:01","modified_gmt":"2020-02-19T10:19:01","slug":"municipales-santafesinos-convocan-a-delegados-para-discutir-paritarias","status":"publish","type":"post","link":"http:\/\/argentinamunicipal.com.ar\/argentina\/municipales-santafesinos-convocan-a-delegados-para-discutir-paritarias\/","title":{"rendered":"Municipales santafesinos convocan a delegados para discutir paritarias"},"content":{"rendered":"<p>La Federaci\u00f3n que agrupa a los sindicatos municipales santafesinos resolvi\u00f3 convocar a los representantes paritarios del sector sindical para iniciar la discusi\u00f3n de la pol\u00edtica salarial 2020 pretendida para el conjunto de los trabajadores y trabajadoras de las municipalidades y comunas.<\/p>\n<p>La federaci\u00f3n que agrupa a los sindicatos municipales santafesinos resolvi\u00f3 convocar a los representantes paritarios del sector sindical para iniciar la discusi\u00f3n de la pol\u00edtica salarial 2020 pretendida para el conjunto de los trabajadores y trabajadoras de las municipalidades y comunas<\/p>\n<p>Asimismo, se analizar\u00e1n las acciones a seguir ante la falta de convocatoria a la comisi\u00f3n paritaria por parte del Gobierno provincial. Tal como se inform\u00f3 p\u00fablicamente, el secretario de Integraci\u00f3n y Fortalecimiento Institucional, Jos\u00e9 Luis Freyre, se comprometi\u00f3 a dejar constituida la representaci\u00f3n de intendentes y presidentes de comunas en la pasada semana.\u201cYa se iniciaron las reuniones con todos los sectores y se fijaron fechas concretas para el comienzo de las negociaciones salariales, pero se dej\u00f3 sin definiciones al sector municipal, pese a que la Federaci\u00f3n de Sindicatos de Trabajadores Municipales (Festram) de Santa Fe viene reclamando la convocatoria desde el mes de enero del corriente a\u00f1o\u201d, manifest\u00f3 organizaci\u00f3n sindical.<\/p>\n<p>Clima enrarecido<\/p>\n<p>Para los municipales de la provincia, \u201cnuevamente aparecen impericias que no ayudan a garantizar un clima de tranquilidad. Las desafortunadas declaraciones de funcionarios sobre la \u00abperversidad\u00bb de la cl\u00e1usula gatillo, los conflictos por falta de pagos, la demora en la asistencia a municipios y la irracionalidad de despedir trabajadores generan un clima de tensi\u00f3n innecesaria\u201d, manifest\u00f3 el gremio<\/p>\n<p>\u201cLa paritaria es el \u00fanico instrumento legal para fijar los salarios, su falta de convocatoria genera preocupaci\u00f3n y malestar en el sector laboral\u201d, remat\u00f3 la organizaci\u00f3n.<\/p>\n<p>En Ceres<\/p>\n<p>Mientras tanto, el Concejo de Ceres acat\u00f3 la conciliaci\u00f3n obligatoria y dict\u00f3 una ordenanza de emergencia social que impide el despido de personal municipal.<\/p>\n<p>As\u00ed lo hizo saber la Festram en un comunicado, en el que destac\u00f3 la labor del cuerpo delibetarivo.<\/p>\n<p>\u201cComo se sabe, la intendenta de Ceres, Alejandra Dupouy, despidi\u00f3 a 27 mujeres trabajadoras y a 17 empleados de esa municipalidad. El sindicato local, acompa\u00f1ado por Festram, inici\u00f3 medidas de fuerza en reclamo de la incorporaci\u00f3n de los 44 trabajadores\u201d record\u00f3 la federaci\u00f3n.<\/p>\n<p>Con la tensi\u00f3n social en aumento, el Ministerio de Trabajo dict\u00f3 la conciliaci\u00f3n obligatoria, acatada por el sindicato. Si bien el municipio falt\u00f3 a las dos primeras audiencias dispuestas por la cartera laboral, a partir de la medida envi\u00f3 representantes, aunque la intendenta no particip\u00f3. Adem\u00e1s, el gremio denunci\u00f3 que, si bien los empleados volvieron al municipio, no se les asignaron tareas espec\u00edficas, y apenas se les abon\u00f3 \u201cuna parte \u00ednfima\u201d de los salarios.<\/p>\n<p>En cuanto a otras localidades, Festram record\u00f3 que \u201caunque la situaci\u00f3n se agudiza en Coronda por el insoportable retraso salarial, Casilda y San Jos\u00e9 del Rinc\u00f3n fueron encontrando soluciones parciales. Pero lo de Ceres no es econ\u00f3mico, sino social, y la falta de soluci\u00f3n puede arrastrarlo a nivel provincial, alimentado por la falta de convocatoria a paritaria reclamada en el mes de enero.<\/p>\n<h6>Fuente: La Capital<\/h6>\n","protected":false},"excerpt":{"rendered":"<p>La Federaci\u00f3n que agrupa a los sindicatos municipales santafesinos resolvi\u00f3 convocar a los representantes paritarios del sector sindical para iniciar la discusi\u00f3n de la pol\u00edtica salarial 2020<\/p>\n","protected":false},"author":2,"featured_media":99649,"comment_status":"closed","ping_status":"closed","sticky":false,"template":"","format":"standard","meta":{"footnotes":""},"categories":[7],"tags":[10],"class_list":["post-99648","post","type-post","status-publish","format-standard","has-post-thumbnail","hentry","category-informe-sindical","tag-santa-fe"],"_links":{"self":[{"href":"http:\/\/argentinamunicipal.com.ar\/argentina\/wp-json\/wp\/v2\/posts\/99648","targetHints":{"allow":["GET"]}}],"collection":[{"href":"http:\/\/argentinamunicipal.com.ar\/argentina\/wp-json\/wp\/v2\/posts"}],"about":[{"href":"http:\/\/argentinamunicipal.com.ar\/argentina\/wp-json\/wp\/v2\/types\/post"}],"author":[{"embeddable":true,"href":"http:\/\/argentinamunicipal.com.ar\/argentina\/wp-json\/wp\/v2\/users\/2"}],"replies":[{"embeddable":true,"href":"http:\/\/argentinamunicipal.com.ar\/argentina\/wp-json\/wp\/v2\/comments?post=99648"}],"version-history":[{"count":0,"href":"http:\/\/argentinamunicipal.com.ar\/argentina\/wp-json\/wp\/v2\/posts\/99648\/revisions"}],"wp:featuredmedia":[{"embeddable":true,"href":"http:\/\/argentinamunicipal.com.ar\/argentina\/wp-json\/wp\/v2\/media\/99649"}],"wp:attachment":[{"href":"http:\/\/argentinamunicipal.com.ar\/argentina\/wp-json\/wp\/v2\/media?parent=99648"}],"wp:term":[{"taxonomy":"category","embeddable":true,"href":"http:\/\/argentinamunicipal.com.ar\/argentina\/wp-json\/wp\/v2\/categories?post=99648"},{"taxonomy":"post_tag","embeddable":true,"href":"http:\/\/argentinamunicipal.com.ar\/argentina\/wp-json\/wp\/v2\/tags?post=99648"}],"curies":[{"name":"wp","href":"https:\/\/api.w.org\/{rel}","templated":true}]}}