{"id":99690,"date":"2020-02-19T08:13:33","date_gmt":"2020-02-19T11:13:33","guid":{"rendered":"http:\/\/argentinamunicipal.com.ar\/argentina\/?p=99690"},"modified":"2020-02-19T08:13:33","modified_gmt":"2020-02-19T11:13:33","slug":"vicentin-hasta-la-sequia-tuvo-la-culpa-del-pagadios","status":"publish","type":"post","link":"http:\/\/argentinamunicipal.com.ar\/argentina\/vicentin-hasta-la-sequia-tuvo-la-culpa-del-pagadios\/","title":{"rendered":"Vicent\u00edn: Hasta la sequ\u00eda tuvo la culpa del pagadi\u00f3s"},"content":{"rendered":"<p>El juez de Reconquista abri\u00f3 el concurso de acreedores del gigante agroexportador, investigado por sus manejos con el macrismo<\/p>\n<p>El grupo Vicentin y su gigantesca deuda ya son materia judicial. El juez civil y comercial n\u00b0 2, de Reconquista, Fabi\u00e1n Lorenzini, acept\u00f3 el pedido de la sociedad an\u00f3nima y abri\u00f3 el concurso preventivo de acreedores para organizar la devoluci\u00f3n de deudas por 1300 millones de d\u00f3lares. La situaci\u00f3n financiera que llev\u00f3 al fiscal federal Gerardo Pollicita a dirigir una acusaci\u00f3n penal sobre la aceitera y el Banco Naci\u00f3n en tiempos del gobierno de Mauricio Macri es el default privado m\u00e1s estridente de la historia judicial santafesina. Y ayer se conocieron los argumentos planteados por la empresa para justificar su cesaci\u00f3n de pagos: hasta la sequ\u00eda tuvo la culpa.<\/p>\n<p>El juez Lorenzini se declar\u00f3 competente para dirigir el concurso preventivo, seg\u00fan una resoluci\u00f3n emitida ayer, tal como el lunes 10 lo hab\u00edan pedido Daniel Buyatti y Alberto Julian Macua, presidente y vicepresidente del directorio de la compa\u00f1\u00eda con sede legal en Avellaneda, departamento General Obligado.<\/p>\n<p>El magistrado accedi\u00f3 al pedido de la empresa y prohibi\u00f3 a los prestadores de servicios p\u00fablicos cortarle el suministro de tal o cual prestaci\u00f3n para no entorpecer la reactivaci\u00f3n industrial del grupo. Eso, aunque la agroexportadora adeude las boletas del agua, la luz o el gas.<\/p>\n<p>Desde diciembre, cuando entr\u00f3 en cesaci\u00f3n de pagos, Vicentin tiene paralizadas sus plantas de San Lorenzo y Ricardone. Y alrededor de dos mil trabajadores soportan esa incertidumbre.<\/p>\n<p>El juez concedi\u00f3 una pr\u00f3rroga de diez d\u00edas para que la empresa presente la documentaci\u00f3n que exponga su situaci\u00f3n financiera y explique las razones de la cesaci\u00f3n de pagos que empez\u00f3 a tornarse visible el a\u00f1o pasado, despu\u00e9s de la derrota de Juntos por el Cambio en las primarias de agosto.<\/p>\n<p>Ayer se conoci\u00f3 la justificaci\u00f3n de Vicentin SAIC para pedir el concurso de acreedores. Una medida que el directorio no deseaba pero que debi\u00f3 afrontar ante el fracaso de sus intentos de arreglos extrajudiciales y sucesivas medidas cautelares que presentaron algunos acreedores en los tribunales de Rosario a fines de enero. Eso, y el pedido de quiebra que formul\u00f3 tambi\u00e9n aqu\u00ed la acreedora Gagliardo Agr\u00edcolo Ganadera SA, firma asociada a la constructora Obring SA.<\/p>\n<p>La primera agroexportadora argentina argument\u00f3 ante el juez un abanico de razones, \u00ab&#8230;diversos acontecimientos negativos\u00bb que la llevaron \u00aba la necesidad de reestructurar su pasivo\u00bb, tal los eufemismos utilizados. Y de paso, culp\u00f3 \u00abel grave impacto de una serie de medidas cautelares\u00bb, es decir, los acreedores que acudieron a la Justicia para cobrar. Por caso, los abogados pusieron como ejemplo el reclamo judicial del correacopio BLD (130 millones de pesos) como uno de los motivos que perjudicaron la posici\u00f3n de Vicentin.<\/p>\n<p>La empresa sostiene que puede superar el default si logra \u00abrefinanciaciones o acuerdos precoconcursales\u00bb con sus acreedores. De estos, a los bancos les debe U$S1000 millones, y otros 350 millones a corredoras de cereales, acopios y proveedores.<\/p>\n<p>Pese a todo, la visi\u00f3n del grupo comandado por los Vicentin, Padoan y Nardelli es menos dr\u00e1stica que la de sus acreedores. \u00abSi bien se hab\u00edan registrado incumplimientos anteriores, el directorio de la sociedad entendi\u00f3 que los montos de los mismos no representaban por s\u00ed solos un estado de insuficiencia patrimonial agudo que no pudiera resolverse mediante la concreci\u00f3n de nuevos negocios y\/o alianzas estrat\u00e9gicas con diferentes interesados, motivo por el cual se sosten\u00eda que tales incumplimientos no fueron reveladores de un verdadero estado de cesaci\u00f3n de pagos, en tanto un estado de cosas que afectara en forma integral del patrimonio de la sociedad\u00bb, plantearon.<\/p>\n<p>Vicentin culp\u00f3 a \u00abla crisis financiera de 2018\u00bb, la inflaci\u00f3n, \u00abel encarecimiento del acceso al mercado financiero local e internacional impulsado por las tensiones entre Estados Unidos y China\u00bb. Tambi\u00e9n cay\u00f3 en la volteada \u00abel grave efecto de la sequ\u00eda y su impacto en la generaci\u00f3n de divisas y el aumento desmedido del d\u00f3lar a partir de la entrada en vigencia del impuesto a la renta financiera\u00bb. Esto, seg\u00fan la argumentaci\u00f3n de la compa\u00f1\u00eda, \u00abtrajo aparejado un nuevo aumento de las tasas de inter\u00e9s en la Argentina, todo lo cual tuvo como resultado un abultado encarecimiento del costo de financiaci\u00f3n de la compa\u00f1\u00eda\u00bb.<\/p>\n<p>Vicentin expuso que la sequ\u00eda de 2018 disminuy\u00f3 la soja disponible \u2013su materia prima\u2013 y por eso tuvo que importar poroto desde Estados Unidos, Paraguay y Brasil \u00abcon un gran esfuerzo financiero y log\u00edstico que impact\u00f3 directamente en los costos\u00bb. Incluso, no se priv\u00f3 de criticar la pol\u00edtica econ\u00f3mica de Cambiemos, a pesar de haber sido su principal sponsor de campa\u00f1a. \u00abSe dej\u00f3 sin efecto una protecci\u00f3n arancelaria que promov\u00eda la actividad industrial local, y a principios de 2019 la incertidumbre econ\u00f3mica y cambiaria gener\u00f3 una devaluaci\u00f3n y retiro masivo de dep\u00f3sito en d\u00f3lares de los bancos locales, acotando la capacidad de pr\u00e9stamo de las entidades bancarias y agudizando un problema de exposici\u00f3n al riesgo, ya que al financiarse con proveedores se queda expuesto a la volatilidad de precios, necesidades financieras de los productores, entre otros\u00bb, sorprendi\u00f3 la agroexportadora santafesina.<\/p>\n<p>Al pedir la apertura del concurso, Vicentin nada explic\u00f3 sobre el cr\u00e9dito de prefinanciaci\u00f3n de exportaciones por 18000 millones de pesos que no le devolvi\u00f3 al Banco Naci\u00f3n, y que represent\u00f3 una transferencia de su matriz argentina a Vicentin Uruguay, firma registrada ante el Banco Central del pa\u00eds vecino el 25 de febrero de 2019, tal como revel\u00f3 P\u00e1gina\/12 en su edici\u00f3n dominical, y que ser\u00e1 materia de investigaci\u00f3n de una comisi\u00f3n especial de Diputados.<\/p>\n<h6>Fuente: P\u00e1gina 12<\/h6>\n","protected":false},"excerpt":{"rendered":"<p>El juez de Reconquista abri\u00f3 el concurso de acreedores del gigante agroexportador, investigado por sus manejos con el macrismo<\/p>\n","protected":false},"author":2,"featured_media":99691,"comment_status":"closed","ping_status":"closed","sticky":false,"template":"","format":"standard","meta":{"footnotes":""},"categories":[5],"tags":[10],"class_list":["post-99690","post","type-post","status-publish","format-standard","has-post-thumbnail","hentry","category-informe-economico","tag-santa-fe"],"_links":{"self":[{"href":"http:\/\/argentinamunicipal.com.ar\/argentina\/wp-json\/wp\/v2\/posts\/99690","targetHints":{"allow":["GET"]}}],"collection":[{"href":"http:\/\/argentinamunicipal.com.ar\/argentina\/wp-json\/wp\/v2\/posts"}],"about":[{"href":"http:\/\/argentinamunicipal.com.ar\/argentina\/wp-json\/wp\/v2\/types\/post"}],"author":[{"embeddable":true,"href":"http:\/\/argentinamunicipal.com.ar\/argentina\/wp-json\/wp\/v2\/users\/2"}],"replies":[{"embeddable":true,"href":"http:\/\/argentinamunicipal.com.ar\/argentina\/wp-json\/wp\/v2\/comments?post=99690"}],"version-history":[{"count":0,"href":"http:\/\/argentinamunicipal.com.ar\/argentina\/wp-json\/wp\/v2\/posts\/99690\/revisions"}],"wp:featuredmedia":[{"embeddable":true,"href":"http:\/\/argentinamunicipal.com.ar\/argentina\/wp-json\/wp\/v2\/media\/99691"}],"wp:attachment":[{"href":"http:\/\/argentinamunicipal.com.ar\/argentina\/wp-json\/wp\/v2\/media?parent=99690"}],"wp:term":[{"taxonomy":"category","embeddable":true,"href":"http:\/\/argentinamunicipal.com.ar\/argentina\/wp-json\/wp\/v2\/categories?post=99690"},{"taxonomy":"post_tag","embeddable":true,"href":"http:\/\/argentinamunicipal.com.ar\/argentina\/wp-json\/wp\/v2\/tags?post=99690"}],"curies":[{"name":"wp","href":"https:\/\/api.w.org\/{rel}","templated":true}]}}