{"id":9984,"date":"2014-06-19T09:51:37","date_gmt":"2014-06-19T12:51:37","guid":{"rendered":"http:\/\/argentinamunicipal.com.ar\/argentina\/?p=9984"},"modified":"2014-06-19T09:51:37","modified_gmt":"2014-06-19T12:51:37","slug":"fin-del-reinado-de-juan-carlos-y-proclamacion-de-felipe","status":"publish","type":"post","link":"http:\/\/argentinamunicipal.com.ar\/argentina\/fin-del-reinado-de-juan-carlos-y-proclamacion-de-felipe\/","title":{"rendered":"Fin del reinado de Juan Carlos y\u00a0proclamaci\u00f3n de\u00a0Felipe"},"content":{"rendered":"<div id=\"attachment_9985\" style=\"width: 748px\" class=\"wp-caption aligncenter\"><a href=\"http:\/\/argentinamunicipal.com.ar\/argentina\/wp-content\/uploads\/2014\/06\/79443_Foto_19_de_junio_2014_29.jpg\"><img loading=\"lazy\" decoding=\"async\" aria-describedby=\"caption-attachment-9985\" class=\" wp-image-9985\" src=\"http:\/\/argentinamunicipal.com.ar\/argentina\/wp-content\/uploads\/2014\/06\/79443_Foto_19_de_junio_2014_29.jpg\" alt=\"El Rey Juan Carlos, en presencia de la Reina Sof\u00eda, el Pr\u00edncipe de Asturias, Felipe de Borb\u00f3n, y la Princesa Letizia, durante la firma de su abdicaci\u00f3n.-\" width=\"738\" height=\"485\" srcset=\"http:\/\/argentinamunicipal.com.ar\/argentina\/wp-content\/uploads\/2014\/06\/79443_Foto_19_de_junio_2014_29.jpg 800w, http:\/\/argentinamunicipal.com.ar\/argentina\/wp-content\/uploads\/2014\/06\/79443_Foto_19_de_junio_2014_29-300x197.jpg 300w\" sizes=\"auto, (max-width: 738px) 100vw, 738px\" \/><\/a><p id=\"caption-attachment-9985\" class=\"wp-caption-text\">El Rey Juan Carlos, en presencia de la Reina Sof\u00eda, el Pr\u00edncipe de Asturias, Felipe de Borb\u00f3n, y la Princesa Letizia, durante la firma de su abdicaci\u00f3n.-<\/p><\/div>\n<p>En un solemne y hist\u00f3rico acto, Juan Carlos de Espa\u00f1a sancion\u00f3 ayer la ley de abdicaci\u00f3n que pone fin a sus 39 a\u00f1os de reinado y que, pasada la medianoche, convertir\u00e1 en monarca a su hijo, Felipe de Borb\u00f3n, allanando el camino para su proclamaci\u00f3n, ma\u00f1ana en el Congreso.<\/p>\n<p>La emotiva ceremonia tuvo lugar en el Sal\u00f3n de las Columnas del Palacio Real, ante unos 160 invitados, entre ellos los integrantes del gobierno espa\u00f1ol, encabezado por el presidente Mariano Rajoy, las principales autoridades regionales, y los ex presidentes Felipe Gonz\u00e1lez, Jos\u00e9 Mar\u00eda Aznar y Jos\u00e9 Luis Rodr\u00edguez Zapatero.<\/p>\n<p>Al hacer su ingreso a la sala, el todav\u00eda rey Juan Carlos fue ovacionado por los invitados, que le dieron un cerrado aplauso.<\/p>\n<p>Tras la interpretaci\u00f3n del himno nacional y la lectura de la ley org\u00e1nica de abdicaci\u00f3n aprobada por el Parlamento, los asistentes escucharon el hist\u00f3rico discurso con el que, el pasado 2 de junio, el monarca, de 76 a\u00f1os, anunci\u00f3 su decisi\u00f3n de dejar la Jefatura del Estado en manos de su hijo, Felipe VI, de 46 a\u00f1os.<\/p>\n<p>\u201cUna nueva generaci\u00f3n reclama el papel protagonista\u201d, volvieron a sonar las palabras del monarca, junto con su afirmaci\u00f3n de que \u201cel Pr\u00edncipe de Asturias tiene la madurez, la preparaci\u00f3n y la responsabilidad para asumir con plenas garant\u00edas la Jefatura del Estado\u201d.<\/p>\n<p>El momento para la posteridad lleg\u00f3 a continuaci\u00f3n, cuando el rey Juan Carlos firm\u00f3 la ley de abdicaci\u00f3n y Rajoy refrend\u00f3 el acto.<\/p>\n<p>Al regresar al sitio en el que estaba sentado, Juan Carlos de Borb\u00f3n se fundi\u00f3 en un abrazo con su hijo, con el que tambi\u00e9n intercambi\u00f3 la posici\u00f3n, en un gesto simb\u00f3lico que escenific\u00f3 el cambio de trono.<\/p>\n<p>La reina Sof\u00eda y la Princesa de Asturias, Letizia Ortiz, estuvieron al lado de sus esposos durante la ceremonia, en la que tambi\u00e9n se hicieron presentes las hijas de los futuros reyes, Leonor y Sof\u00eda; la infanta Elena y las hermanas de Juan Carlos de Borb\u00f3n.<br \/>\nLa gran ausente fue la infanta Cristina, imputada por evasi\u00f3n fiscal y lavado de capitales junto a su esposo, el duque de Palma I\u00f1aki Urdangar\u00edn, centro de una trama de corrupci\u00f3n que puso en jaque a la corona espa\u00f1ola y precipit\u00f3 la abdicaci\u00f3n del rey Juan Carlos.<\/p>\n<p>La hija menor del rey tampoco participar\u00e1 de los actos que tendr\u00e1n lugar hoy cuando su hermano sea proclamado Jefe de Estado en el Congreso de los Diputados.<\/p>\n<p>Con la sanci\u00f3n de la ley de abdicaci\u00f3n, el rey Juan Carlos formaliz\u00f3 su renuncia a la Jefatura del Estado a favor de su hijo, el Pr\u00edncipe Felipe, quien se convertir\u00e1 en monarca cuando la norma entre en vigor, pasada la medianoche, una vez publicada en el Bolet\u00edn del Estado.<\/p>\n<p>De forma autom\u00e1tica, la infanta Leonor, hija mayor de los pr\u00edncipes, pasar\u00e1 a ser la princesa de Asturias y heredera de la Corona espa\u00f1ola.<\/p>\n<p>El actual monarca firm\u00f3 la ley de abdicaci\u00f3n en el mismo lugar que en 1985 rubric\u00f3 el Tratado de Adhesi\u00f3n de Espa\u00f1a a la Comunidad Econ\u00f3mica Europea.<\/p>\n<p>Hoy, a las 9.30, hora de Espa\u00f1a (4.30 en Argentina), el ya rey Felipe VI recibir\u00e1 de su padre el faj\u00edn de capit\u00e1n general en el sal\u00f3n de audiencias del Palacio de La Zarzuela y despu\u00e9s partir\u00e1 hacia el Congreso de los Diputados, donde tendr\u00e1 lugar la ceremonia de proclamaci\u00f3n ante unos 2.000 invitados.<\/p>\n<p>Para no restar protagonismo al flamante monarca, su predecesor no asistir\u00e1 a la ceremonia solemne del Congreso. En cambio, Juan Carlos de Borb\u00f3n y su esposa, estar\u00e1n junto a su hijo cuando Felipe VI y la esposa de este salgan al balc\u00f3n del Palacio Real a saludar a los ciudadanos.<\/p>\n<p>Ante el Congreso, Felipe VI dar\u00e1 su primer discurso como rey, en el que expondr\u00e1 los lineamientos de su reinado.<\/p>\n<p>La ceremonia de proclamaci\u00f3n ser\u00e1 austera, acorde con la realidad de Espa\u00f1a, un pa\u00eds que cuenta con una tasa de desempleo en torno al 25%, familias desesperadas que son expulsadas de sus hogares por el impago de sus hipotecas, y esc\u00e1ndalos de corrupci\u00f3n que salpican todas las esferas del poder, incluida la Corona.<\/p>\n<p>En el Congreso de los Diputados estar\u00e1n presentes los representantes de todas las esferas del poder pol\u00edtico de Espa\u00f1a -salvo la izquierda parlamentaria-, pero no habr\u00e1 invitados de otras familias reales ni mandatarios extranjeros.<\/p>\n<p>Tras el acto formal de proclamaci\u00f3n, los nuevos monarcas presidir\u00e1n un desfile militar a las puertas del Congreso de los Diputados, y luego har\u00e1n un recorrido por las calles de Madrid, hasta el Palacio Real- pasando por el Paseo del Prado, calle Alcal\u00e1, Gran v\u00eda, Plaza de Espa\u00f1a y Plaza de Oriente- en un Rolls Royce cubierto, por motivos de seguridad.<\/p>\n<p>Una vez en el Palacio Real y tras saludar desde el balc\u00f3n hacia la Plaza de Oriente, los flamantes reyes brindar\u00e1n una recepci\u00f3n a sus invitados, entre los que habr\u00e1 representantes de todos los \u00e1mbitos de la sociedad espa\u00f1ola, desde pol\u00edticos hasta artistas y deportistas.<\/p>\n<p>Los mon\u00e1rquicos y los ciudadanos curiosos que quieran participar del momento hist\u00f3rico en el que el Pr\u00edncipe de Asturias se convertir\u00e1 en el rey Felipe VI podr\u00e1n seguir los actos por televisi\u00f3n o en las calles de Madrid.<\/p>\n<p>Dos pantallas gigantes permitir\u00e1n a los ciudadanos seguir en directo toda la ceremonia en las inmediaciones de la Plaza de Callao, en el centro de la capital espa\u00f1ola.<\/p>\n<h6>Fuente: Preg\u00f3n<\/h6>\n","protected":false},"excerpt":{"rendered":"<p>En un solemne y hist\u00f3rico acto, Juan Carlos de Espa\u00f1a sancion\u00f3 ayer la ley de abdicaci\u00f3n que pone fin a sus 39 a\u00f1os de reinado y que, pasada la medianoche, convertir\u00e1 en monarca a su hijo, Felipe de Borb\u00f3n, allanando el camino para su proclamaci\u00f3n, ma\u00f1ana en el Congreso. La emotiva ceremonia tuvo lugar en<\/p>\n","protected":false},"author":2,"featured_media":9985,"comment_status":"closed","ping_status":"closed","sticky":false,"template":"","format":"standard","meta":{"footnotes":""},"categories":[22],"tags":[57],"class_list":["post-9984","post","type-post","status-publish","format-standard","has-post-thumbnail","hentry","category-el-mundo","tag-el-mundo"],"_links":{"self":[{"href":"http:\/\/argentinamunicipal.com.ar\/argentina\/wp-json\/wp\/v2\/posts\/9984","targetHints":{"allow":["GET"]}}],"collection":[{"href":"http:\/\/argentinamunicipal.com.ar\/argentina\/wp-json\/wp\/v2\/posts"}],"about":[{"href":"http:\/\/argentinamunicipal.com.ar\/argentina\/wp-json\/wp\/v2\/types\/post"}],"author":[{"embeddable":true,"href":"http:\/\/argentinamunicipal.com.ar\/argentina\/wp-json\/wp\/v2\/users\/2"}],"replies":[{"embeddable":true,"href":"http:\/\/argentinamunicipal.com.ar\/argentina\/wp-json\/wp\/v2\/comments?post=9984"}],"version-history":[{"count":0,"href":"http:\/\/argentinamunicipal.com.ar\/argentina\/wp-json\/wp\/v2\/posts\/9984\/revisions"}],"wp:featuredmedia":[{"embeddable":true,"href":"http:\/\/argentinamunicipal.com.ar\/argentina\/wp-json\/wp\/v2\/media\/9985"}],"wp:attachment":[{"href":"http:\/\/argentinamunicipal.com.ar\/argentina\/wp-json\/wp\/v2\/media?parent=9984"}],"wp:term":[{"taxonomy":"category","embeddable":true,"href":"http:\/\/argentinamunicipal.com.ar\/argentina\/wp-json\/wp\/v2\/categories?post=9984"},{"taxonomy":"post_tag","embeddable":true,"href":"http:\/\/argentinamunicipal.com.ar\/argentina\/wp-json\/wp\/v2\/tags?post=9984"}],"curies":[{"name":"wp","href":"https:\/\/api.w.org\/{rel}","templated":true}]}}