{"id":99868,"date":"2020-02-26T05:46:23","date_gmt":"2020-02-26T08:46:23","guid":{"rendered":"http:\/\/argentinamunicipal.com.ar\/argentina\/?p=99868"},"modified":"2020-02-26T07:51:06","modified_gmt":"2020-02-26T10:51:06","slug":"intendentes-santafesinos-de-todo-el-arco-politico-reclaman-la-necesidad-publica","status":"publish","type":"post","link":"http:\/\/argentinamunicipal.com.ar\/argentina\/intendentes-santafesinos-de-todo-el-arco-politico-reclaman-la-necesidad-publica\/","title":{"rendered":"Intendentes santafesinos de todo el arco pol\u00edtico reclaman la necesidad p\u00fablica"},"content":{"rendered":"<p>La provincia asegura que si la Legislatura da luz verde a la iniciativa las administraciones locales recibir\u00e1n unos tres mil millones de pesos<br \/>\nEl largo y sinuoso camino del proyecto de necesidad p\u00fablica en la Legislatura hizo entrar en escena a intendentes y jefes comunales, tanto del PJ como del Frente Progresista, que reclaman una r\u00e1pida aprobaci\u00f3n de la norma para que as\u00ed nuevos recursos irriguen las exhaustas finanzas de sus distritos. En el gobierno provincial aseguran que si<\/p>\n<p>finalmente la iniciativa es sancionada llegar\u00e1n unos tres mil millones de pesos a los gobiernos locales.<\/p>\n<p>En tanto, desde el bloque del FPCyS de Diputados reconocen que municipios y comunas \u00abnecesitan herramientas que les permitan salir de situaci\u00f3n financiera\u00bb y se\u00f1alan que aunque se est\u00e1 \u00ablejos de la aprobaci\u00f3n, si nadie va por todo la ley de necesidad p\u00fablica es posible\u00bb.<\/p>\n<p>Lo cierto es que la asfixiante situaci\u00f3n que atraviesan las administraciones locales disolvi\u00f3 provisoriamente la grieta entre peronistas y frentistas, al menos en el nivel de gobierno m\u00e1s pr\u00f3ximo a la ciudadan\u00eda.\u00a0Sucede que l\u00edderes locales de los dos principales espacios pol\u00edticos de la provincia vienen alzando la voz \u2013con mayor o menor volumen, seg\u00fan el caso\u2013 para que al fin la Legislatura santafesina d\u00e9 luz verde al proyecto concebido por el gobierno provincial como la llave que har\u00e1 arrancar a la maquinaria estatal.<\/p>\n<p>Esta semana, el intendente de Rosario, Pablo Javkin, y el de Santa Fe, Emilio Jat\u00f3n, se reunieron con legisladores provinciales de su espacio pol\u00edtico, el Frente Progresista, la fuerza que tiene mayor\u00eda en Diputados y que pese al pedido de sus principales referencias territoriales se mantiene hasta ahora intransigente en el rechazo al proyecto tal como fue enviado por el Ejecutivo provincial.<\/p>\n<p>En ese encuentro desarrollado el mi\u00e9rcoles en la capital provincial los dirigentes diseccionaron el proyecto del gobierno, que hoy tramitan seis comisiones del Senado, y debatieron sobre la posibilidad de elaborar un texto alternativo que deje por lo menos satisfechas a ambas partes.<\/p>\n<p>Ambos intendentes buscan reducir el rojo fiscal que heredaron: 3.800 millones de pesos en el caso de Javkin y 1.300 millones en el de Jat\u00f3n.<\/p>\n<p>En el norte provincial las urgencias son las mismas. El intendente de Reconquista, Amado Vallejos (PJ), identifica en principio dos factores que aprietan las arcas de los municipios: la suba de sueldos por la cl\u00e1usula gatillo y el alza de otros costos, como los combustibles.<\/p>\n<p>Y agrega: \u00abPor otro lado, hay dos decisiones pol\u00edticas: el gobierno de Macri nos sac\u00f3 el Fondo Federal Solidario, conocido como fondo sojero; por otro lado, el Frente Progresista no nos dio el Fondo de Obras Menores, que es coparticipable para municipios y comunas de segunda categor\u00eda, nos adeudan parte del 2017 y 2018 y el total de 2019\u00bb.<\/p>\n<p>Solo por el Fondo de Obras Menores, calcula Vallejos, el gobierno provincial debe a Reconquista 54 millones de pesos. \u00abNo solo eso \u2013a\u00f1ade\u2013, no fuimos beneficiados como Rosario y otros municipios del Frente Progresista en adelantos de coparticipaci\u00f3n. Al no recibir esa herramienta, imag\u00ednese la situaci\u00f3n en la que estamos municipios y comunas\u00bb.<\/p>\n<p>Nuevo escenario<\/p>\n<p>Por su lado, desde la provincia remarcan que de aprobarse la norma llegar\u00edan a los distritos unos tres mil millones de pesos.<\/p>\n<p>As\u00ed lo asegura a este diario el secretario de Integraci\u00f3n y Fortalecimiento Institucional de Santa Fe, Jos\u00e9 Luis Freyre, quien act\u00faa como enlace entre la provincia y las autoridades locales.<\/p>\n<p>El exintendente de Venado Tuerto reconoce que \u00abhay otro clima, m\u00e1s constructivo\u00bb entre oficialismo y oposici\u00f3n. \u00abSe pudo dar un tiempo para poder dialogar m\u00e1s, conocer m\u00e1s en detalle\u00bb el proyecto, se\u00f1ala.<\/p>\n<p>En la misma l\u00ednea, para Javkin \u00abasoma un escenario diferente al de diciembre\u00bb, cuando Diputados mand\u00f3 la ley de emergencias al archivo. \u00abHay voluntad de destrabar los textos sobre acuerdos, en una l\u00f3gica donde todos los Ejecutivos encontremos respuesta a la situaci\u00f3n\u00bb, afirma.<\/p>\n<p>El presidente del bloque de la UCR en la C\u00e1mara baja, Maximiliano Pullaro, tambi\u00e9n admite que se respira un mejor clima pol\u00edtico en la provincia pero la aprobaci\u00f3n de la necesidad p\u00fablica aparece todav\u00eda lejana.<\/p>\n<p>Sin embargo, las diferencias entre los intendentes y los legisladores existen. Y son de incentivos: mientras los responsables de gesti\u00f3n tienen motivos para cooperar y acordar con el gobierno, los legisladores tienen razones para mostrar una posici\u00f3n m\u00e1s dura.<\/p>\n<p>\u00abHay mezquindad de la oposici\u00f3n, en el sentido de no querer dar las herramientas al gobierno que fue elegido democr\u00e1ticamente para estos cuatro a\u00f1os \u2013dispara el intendente de Reconquista. Hay mezquindad a la hora de aprobar el presupuesto provincial para que este gobierno no tenga esta herramienta fundamental para planificar. No se mira el bien com\u00fan, se ponen palos en la rueda para que el gobierno no arranque\u00bb.<\/p>\n<p>Riesgos<\/p>\n<p>El peor escenario, acuerdan los intendentes, es que el proyecto de necesidad p\u00fablica tenga la misma suerte que el de las emergencias.<\/p>\n<p>\u00abNos obligar\u00eda a todos a entrar en una situaci\u00f3n de incumplimiento sostenido en el tiempo \u2013alerta Javkin. Afectar\u00eda a todas las planificaciones, con una consecuencia en la actividad econ\u00f3mica. Es un escenario que no quiero ni imaginar, tiene que haber solidaridad\u00bb.<\/p>\n<p>En la misma l\u00ednea, Vallejos sostiene: \u00abSi no tenemos anticipo de coparticipaci\u00f3n, al menos que nos ayuden a que podamos cumplir con las obligaciones. Adem\u00e1s, se est\u00e1n discutiendo las paritarias: c\u00f3mo vamos a atender nuestros compromisos sin recursos genuinos y sin apretar a los contribuyentes, que es lo que no queremos\u00bb.<\/p>\n<p>\u00abNing\u00fan intendente quiere solo pagar los sueldos ni quiere recortar servicios \u2013se\u00f1ala Freyre\u2013, quiere hacer obras, necesita financiamiento\u00bb.<\/p>\n<p>El acuerdo no luce sencillo: esta semana el gobernador Perotti advirti\u00f3 que no aceptar\u00e1 una poda masiva en el proyecto de necesidad p\u00fablica, que podr\u00eda lograr la media sanci\u00f3n del Senado el 27 de febrero. Pasar\u00eda luego a Diputados, un terreno hostil para el oficialismo.<\/p>\n<h6>Fuente: Uno<\/h6>\n","protected":false},"excerpt":{"rendered":"<p>La provincia asegura que si la Legislatura da luz verde a la iniciativa las administraciones locales recibir\u00e1n unos tres mil millones de pesos<\/p>\n","protected":false},"author":2,"featured_media":99869,"comment_status":"closed","ping_status":"closed","sticky":false,"template":"","format":"standard","meta":{"footnotes":""},"categories":[4],"tags":[10],"class_list":["post-99868","post","type-post","status-publish","format-standard","has-post-thumbnail","hentry","category-informe-politico","tag-santa-fe"],"_links":{"self":[{"href":"http:\/\/argentinamunicipal.com.ar\/argentina\/wp-json\/wp\/v2\/posts\/99868","targetHints":{"allow":["GET"]}}],"collection":[{"href":"http:\/\/argentinamunicipal.com.ar\/argentina\/wp-json\/wp\/v2\/posts"}],"about":[{"href":"http:\/\/argentinamunicipal.com.ar\/argentina\/wp-json\/wp\/v2\/types\/post"}],"author":[{"embeddable":true,"href":"http:\/\/argentinamunicipal.com.ar\/argentina\/wp-json\/wp\/v2\/users\/2"}],"replies":[{"embeddable":true,"href":"http:\/\/argentinamunicipal.com.ar\/argentina\/wp-json\/wp\/v2\/comments?post=99868"}],"version-history":[{"count":0,"href":"http:\/\/argentinamunicipal.com.ar\/argentina\/wp-json\/wp\/v2\/posts\/99868\/revisions"}],"wp:featuredmedia":[{"embeddable":true,"href":"http:\/\/argentinamunicipal.com.ar\/argentina\/wp-json\/wp\/v2\/media\/99869"}],"wp:attachment":[{"href":"http:\/\/argentinamunicipal.com.ar\/argentina\/wp-json\/wp\/v2\/media?parent=99868"}],"wp:term":[{"taxonomy":"category","embeddable":true,"href":"http:\/\/argentinamunicipal.com.ar\/argentina\/wp-json\/wp\/v2\/categories?post=99868"},{"taxonomy":"post_tag","embeddable":true,"href":"http:\/\/argentinamunicipal.com.ar\/argentina\/wp-json\/wp\/v2\/tags?post=99868"}],"curies":[{"name":"wp","href":"https:\/\/api.w.org\/{rel}","templated":true}]}}