{"id":99922,"date":"2020-02-27T05:48:47","date_gmt":"2020-02-27T08:48:47","guid":{"rendered":"http:\/\/argentinamunicipal.com.ar\/argentina\/?p=99922"},"modified":"2020-02-28T06:49:09","modified_gmt":"2020-02-28T09:49:09","slug":"santa-fe-festram-convoco-a-sus-paritarios-sindicales","status":"publish","type":"post","link":"http:\/\/argentinamunicipal.com.ar\/argentina\/santa-fe-festram-convoco-a-sus-paritarios-sindicales\/","title":{"rendered":"Santa Fe: FESTRAM convoc\u00f3 a sus paritarios sindicales"},"content":{"rendered":"<p>EVALUAR\u00c1N EL PLANTEO SALARIAL Y LAS ACCIONES FRENTE A LA FALTA DE CONVOCATORIA DEL GOBIERNO<\/p>\n<p>La Federaci\u00f3n que agrupa a los Sindicatos Municipales Santafesinos, resolvi\u00f3 convocar a los representantes paritarios del sector sindical para iniciar la discusi\u00f3n de la pol\u00edtica salarial 2020 pretendida para el conjunto de los trabajadores y trabajadoras de las Municipalidades y Comunas.<\/p>\n<p>Asimismo, se analizar\u00e1n las acciones a seguir ante la falta de convocatoria a la Comisi\u00f3n Paritaria por parte del Gobierno Provincial. Tal como se inform\u00f3 p\u00fablicamente, el Secretario de Integraci\u00f3n y Fortalecimiento Institucional Jos\u00e9 Luis Freyre, se comprometi\u00f3 a dejar constituida la representaci\u00f3n de Intendentes y Presidentes de Comunas en la pasada semana.<\/p>\n<p>Ya se iniciaron las reuniones con todos los sectores y se fijaron fechas concretas para el comienzo de las negociaciones salariales, pero se dej\u00f3 sin definiciones al sector municipal, pese a que FESTRAM viene reclamando la convocatoria desde el mes de Enero del corriente a\u00f1o.Nuevamente, aparecen impericias que no ayudan a garantizar un clima de tranquilidad para asegurar una negociaci\u00f3n salarial acorde a la crisis que vive el pa\u00eds y la provincia.<\/p>\n<p>Las desafortunadas declaraciones de algunos funcionarios provinciales sobre la \u201cperversidad\u201d de la cl\u00e1usula gatillo, los conflictos por falta de pagos, la demora en la asistencia a Municipios y la irracionalidad de funcionarias municipales que despiden trabajadores con estabilidad constitucional en medio de la Emergencia Alimentaria, generan un clima de tensi\u00f3n innecesaria que no ayuda a superar en conjunto las dificultades impuestas por la gesti\u00f3n anterior.<\/p>\n<p>Considerando que FESTRAM es la \u00fanica entidad con facultades legales para participar en la Comisi\u00f3n Paritaria Municipal -Ley 9996- y tal como lo han ratificado reiterados fallos en los m\u00e1s altos estrados judiciales, la Paritaria Municipal es el \u00fanico instrumento legal para fijar los salarios en todos los Municipios y Comunas de la Provincia, su falta de convocatoria genera preocupaci\u00f3n y malestar en el sector laboral.<\/p>\n<h6>PRENSA FESTRAM<\/h6>\n","protected":false},"excerpt":{"rendered":"<p>EVALUAR\u00c1N EL PLANTEO SALARIAL Y LAS ACCIONES FRENTE A LA FALTA DE CONVOCATORIA DEL GOBIERNO<\/p>\n","protected":false},"author":2,"featured_media":99923,"comment_status":"closed","ping_status":"closed","sticky":false,"template":"","format":"standard","meta":{"footnotes":""},"categories":[7],"tags":[10],"class_list":["post-99922","post","type-post","status-publish","format-standard","has-post-thumbnail","hentry","category-informe-sindical","tag-santa-fe"],"_links":{"self":[{"href":"http:\/\/argentinamunicipal.com.ar\/argentina\/wp-json\/wp\/v2\/posts\/99922","targetHints":{"allow":["GET"]}}],"collection":[{"href":"http:\/\/argentinamunicipal.com.ar\/argentina\/wp-json\/wp\/v2\/posts"}],"about":[{"href":"http:\/\/argentinamunicipal.com.ar\/argentina\/wp-json\/wp\/v2\/types\/post"}],"author":[{"embeddable":true,"href":"http:\/\/argentinamunicipal.com.ar\/argentina\/wp-json\/wp\/v2\/users\/2"}],"replies":[{"embeddable":true,"href":"http:\/\/argentinamunicipal.com.ar\/argentina\/wp-json\/wp\/v2\/comments?post=99922"}],"version-history":[{"count":0,"href":"http:\/\/argentinamunicipal.com.ar\/argentina\/wp-json\/wp\/v2\/posts\/99922\/revisions"}],"wp:featuredmedia":[{"embeddable":true,"href":"http:\/\/argentinamunicipal.com.ar\/argentina\/wp-json\/wp\/v2\/media\/99923"}],"wp:attachment":[{"href":"http:\/\/argentinamunicipal.com.ar\/argentina\/wp-json\/wp\/v2\/media?parent=99922"}],"wp:term":[{"taxonomy":"category","embeddable":true,"href":"http:\/\/argentinamunicipal.com.ar\/argentina\/wp-json\/wp\/v2\/categories?post=99922"},{"taxonomy":"post_tag","embeddable":true,"href":"http:\/\/argentinamunicipal.com.ar\/argentina\/wp-json\/wp\/v2\/tags?post=99922"}],"curies":[{"name":"wp","href":"https:\/\/api.w.org\/{rel}","templated":true}]}}